{"id":29171,"date":"2025-02-11T10:08:33","date_gmt":"2025-02-11T09:08:33","guid":{"rendered":"https:\/\/www.tournride.com\/?p=29171"},"modified":"2025-02-11T10:08:35","modified_gmt":"2025-02-11T09:08:35","slug":"aluguel-de-ebikes-a-partir-do-porto","status":"publish","type":"post","link":"https:\/\/www.tournride.com\/pt-br\/aluguel-de-ebikes-a-partir-do-porto\/","title":{"rendered":"Aluguel de ebikes a partir do Porto"},"content":{"rendered":"\n<div class=\"wp-block-rank-math-toc-block\" id=\"rank-math-toc\"><h2>\u00cdndice<\/h2><nav><ul><li class=\"\"><a href=\"#descubre-el-camino-portugues-en-bicicleta\">Descubra o Caminho Portugu\u00eas de Bicicleta<\/a><ul><li class=\"\"><a href=\"#tournride-y-los-biciperegrinos-tu-aventura-en-el-camino-portugues-comienza-aqui\">Tournride e os Bicigrinos: Sua Aventura no Caminho Portugu\u00eas Come\u00e7a Aqui<\/a><\/li><li class=\"\"><a href=\"#por-que-elegir-el-alquiler-de-ebikes-desde-oporto-con-tournride\">Por que escolher o aluguel de ebikes a partir do Porto com a Tournride?<\/a><\/li><li class=\"\"><a href=\"#oporto-el-punto-de-partida-perfecto\">Porto: O Ponto de Partida Perfeito<\/a><\/li><li class=\"\"><a href=\"#el-rio-duero-el-corazon-de-oporto\">O Rio Douro: O Cora\u00e7\u00e3o do Porto<\/a><\/li><li class=\"\"><a href=\"#torre-de-los-clerigos-un-mirador-con-historia\">Torre dos Cl\u00e9rigos: Um Mirante com Hist\u00f3ria<\/a><\/li><li class=\"\"><a href=\"#libreria-lello-un-rincon-de-fantasia\">Livraria Lello: Um Cantinho de Fantasia<\/a><\/li><li class=\"\"><a href=\"#casa-de-la-musica-un-icono-moderno\">Casa da M\u00fasica: Um \u00cdcone Moderno<\/a><\/li><li class=\"\"><a href=\"#listo-para-vivir-el-camino-portugues-en-ebike\">Pronto para Viver o Caminho Portugu\u00eas de Ebike?<\/a><\/li><li class=\"\"><a href=\"#informacion-de-interes\">Informazioni utili:<\/a><\/li><\/ul><\/li><\/ul><\/nav><\/div>\n\n\n\n<h2 class=\"wp-block-heading\" id=\"descubre-el-camino-portugues-en-bicicleta\"><strong><strong>Descubra o Caminho Portugu\u00eas de Bicicleta<\/strong><\/strong><\/h2>\n\n\n\n<h3 class=\"wp-block-heading\" id=\"tournride-y-los-biciperegrinos-tu-aventura-en-el-camino-portugues-comienza-aqui\"><strong><strong><strong>Tournride e os Bicigrinos: Sua Aventura no Caminho Portugu\u00eas Come\u00e7a Aqui<\/strong><\/strong><\/strong><\/h3>\n\n\n\n<p>Voc\u00ea sonha em viver uma experi\u00eancia \u00fanica percorrendo o Caminho de Santiago de bicicleta? Na Tournride, facilitamos isso para voc\u00ea. Oferecemos <strong>aluguel de ebikes a partir do Porto<\/strong> para que sua peregrina\u00e7\u00e3o seja confort\u00e1vel, emocionante e cheia de lembran\u00e7as inesquec\u00edveis.<\/p>\n\n\n\n<p>Nossas bicicletas el\u00e9tricas (ebikes) s\u00e3o a op\u00e7\u00e3o perfeita para aproveitar o Caminho Portugu\u00eas sem se preocupar com longas dist\u00e2ncias ou subidas exigentes. Com uma ebike, voc\u00ea pode se concentrar no que realmente importa: viver a magia do Caminho.<\/p>\n\n\n\n<h3 class=\"wp-block-heading\" id=\"por-que-elegir-el-alquiler-de-ebikes-desde-oporto-con-tournride\"><strong><strong>Por que escolher o aluguel de ebikes a partir do Porto com a Tournride?<\/strong><\/strong><\/h3>\n\n\n\n<ul start=\"1\" class=\"wp-block-list\">\n<li><strong>Conforto total:<\/strong> N\u00e3o apenas oferecemos as melhores ebikes, mas tamb\u00e9m cuidamos de todo o resto. Chegando com excesso de bagagem? Recolhemos sua mala na sua acomoda\u00e7\u00e3o, levamos at\u00e9 Santiago de Compostela e guardamos na Tournride at\u00e9 que voc\u00ea finalize sua viagem. Somos o servi\u00e7o de aluguel de ebikes a partir do Porto melhor avaliado.<\/li>\n\n\n\n<li><strong>Acess\u00f3rios essenciais:<\/strong> De capacetes e alforjes a uma ap\u00f3lice de seguro completa que inclui assist\u00eancia na estrada para furos ou avarias. Garantimos que voc\u00ea n\u00e3o ficar\u00e1 sem nada!<\/li>\n\n\n\n<li><strong>Flexibilidade e qualidade:<\/strong> Nossas ebikes s\u00e3o projetadas para se adaptar a todos os tipos de terrenos, desde o cal\u00e7amento do Porto at\u00e9 as trilhas mais aventureiras.<\/li>\n<\/ul>\n\n\n\n<h3 class=\"wp-block-heading\" id=\"oporto-el-punto-de-partida-perfecto\"><strong>Porto: O Ponto de Partida Perfeito<\/strong><\/h3>\n\n\n\n<p>Antes de come\u00e7ar seu Caminho Portugu\u00eas, reserve um tempo para explorar o Porto, uma cidade cheia de charme e cultura. Aqui est\u00e3o algumas recomenda\u00e7\u00f5es para aproveitar ao m\u00e1ximo sua estadia:<\/p>\n\n\n\n<h3 class=\"wp-block-heading\" id=\"el-rio-duero-el-corazon-de-oporto\"><strong><strong><strong>O Rio Douro: O Cora\u00e7\u00e3o do Porto<\/strong><\/strong><\/strong><\/h3>\n\n\n\n<p>N\u00e3o h\u00e1 maneira melhor de come\u00e7ar sua aventura pelo Caminho Portugu\u00eas do que desfrutar de um jantar inesquec\u00edvel \u00e0s margens do Rio Douro. Este rio, que d\u00e1 vida \u00e0 cidade do Porto, \u00e9 o cen\u00e1rio perfeito para relaxar e recarregar as energias antes de iniciar sua peregrina\u00e7\u00e3o.<\/p>\n\n\n\n<figure class=\"wp-block-image alignright is-resized\"><a href=\"https:\/\/www.tournride.com\/wp-content\/uploads\/2015\/04\/o-porto.jpg\"><img loading=\"lazy\" decoding=\"async\" width=\"1000\" height=\"592\" src=\"https:\/\/www.tournride.com\/wp-content\/uploads\/2015\/04\/o-porto.jpg\" alt=\"Aluguel de ebikes a partir do Porto. Rio Douro\" class=\"wp-image-498\" style=\"width:486px;height:auto\" title=\"\" srcset=\"https:\/\/www.tournride.com\/wp-content\/uploads\/2015\/04\/o-porto.jpg 1000w, https:\/\/www.tournride.com\/wp-content\/uploads\/2015\/04\/o-porto-300x178.jpg 300w, https:\/\/www.tournride.com\/wp-content\/uploads\/2015\/04\/o-porto-600x355.jpg 600w\" sizes=\"auto, (max-width: 1000px) 100vw, 1000px\" \/><\/a><\/figure>\n\n\n\n<p>Imagine-se sentado em um dos restaurantes t\u00edpicos \u00e0 beira-rio, com as luzes da cidade refletindo na \u00e1gua, enquanto saboreia pratos emblem\u00e1ticos como a &#8220;francesinha,&#8221; uma iguaria portuguesa repleta de sabores intensos, ou o bacalhau, preparado de mil maneiras diferentes, mas sempre delicioso. E, claro, n\u00e3o pode faltar um bom copo de vinho do Porto, o orgulho da regi\u00e3o, para brindar \u00e0 viagem que est\u00e1 prestes a come\u00e7ar.<\/p>\n\n\n\n<p>Depois do jantar, fa\u00e7a uma caminhada tranquila ao longo do rio. A atmosfera \u00e9 m\u00e1gica, especialmente ao entardecer, quando o c\u00e9u se tinge de tons alaranjados e rosados. Este momento de calma e beleza ser\u00e1 o prel\u00fadio perfeito para a aventura que o aguarda no Caminho de Santiago.<\/p>\n\n\n\n<h3 class=\"wp-block-heading\" id=\"torre-de-los-clerigos-un-mirador-con-historia\"><strong><strong><strong>Torre dos Cl\u00e9rigos: Um Mirante com Hist\u00f3ria<\/strong><\/strong><\/strong><\/h3>\n\n\n\n<figure class=\"wp-block-image alignleft\"><a href=\"https:\/\/www.tournride.com\/wp-content\/uploads\/2015\/04\/torre.jpg\"><img loading=\"lazy\" decoding=\"async\" width=\"397\" height=\"592\" src=\"https:\/\/www.tournride.com\/wp-content\/uploads\/2015\/04\/torre.jpg\" alt=\"Aluguel de ebikes a partir do Porto. Torre dos cl\u00e9rigos\" class=\"wp-image-499\" title=\"\" srcset=\"https:\/\/www.tournride.com\/wp-content\/uploads\/2015\/04\/torre.jpg 397w, https:\/\/www.tournride.com\/wp-content\/uploads\/2015\/04\/torre-201x300.jpg 201w\" sizes=\"auto, (max-width: 397px) 100vw, 397px\" \/><\/a><\/figure>\n\n\n\n<p>Se h\u00e1 um lugar no Porto que voc\u00ea n\u00e3o pode perder, \u00e9 a Torre dos Cl\u00e9rigos. Esta imponente torre barroca, constru\u00edda no s\u00e9culo XVIII, ergue-se majestosamente a 75 metros sobre a cidade, tornando-se o ponto mais alto do Porto e oferecendo vistas panor\u00e2micas que o deixar\u00e3o sem f\u00f4lego. Projetada pelo arquiteto italiano Nicolau Nasoni, a torre \u00e9 um s\u00edmbolo emblem\u00e1tico da cidade e um testemunho de seu rico patrim\u00f4nio cultural.<\/p>\n\n\n\n<p>Mas chegar ao topo n\u00e3o \u00e9 tarefa f\u00e1cil: voc\u00ea ter\u00e1 que subir mais de 240 degraus em uma escada em caracol que parece intermin\u00e1vel. Cada passo o aproxima de uma vista inigual\u00e1vel da cidade, com seus telhados avermelhados, o Rio Douro serpenteando ao longe e o Oceano Atl\u00e2ntico ao fundo. A subida pode ser cansativa, mas o esfor\u00e7o vale a pena. \u00c0 medida que sobe, voc\u00ea pode sentir a hist\u00f3ria que impregna cada canto da torre e, ao chegar ao topo, a recompensa \u00e9 uma vista espetacular que permite apreciar a beleza e a grandiosidade do Porto de uma perspectiva \u00fanica.<\/p>\n\n\n\n<p>Al\u00e9m disso, subir esta torre pode ser uma maneira excelente de &#8220;aquecer os motores&#8221; antes de iniciar seu Caminho de bicicleta. Poder\u00edamos dizer que \u00e9 sua primeira &#8220;pedalada&#8221; simb\u00f3lica! A Torre dos Cl\u00e9rigos n\u00e3o \u00e9 apenas um mirante excepcional, mas tamb\u00e9m um ponto de partida ideal para quem busca aventuras e desafios. Do alto, voc\u00ea pode planejar sua rota, se inspirar com a vista e se preparar para as emocionantes experi\u00eancias que o aguardam em sua viagem de bicicleta pelos arredores do Porto.<\/p>\n\n\n\n<div style=\"height:7px\" aria-hidden=\"true\" class=\"wp-block-spacer\"><\/div>\n\n\n\n<h3 class=\"wp-block-heading\" id=\"libreria-lello-un-rincon-de-fantasia\"><strong><strong><strong>Livraria Lello: Um Cantinho de Fantasia<\/strong><\/strong><\/strong><\/h3>\n\n\n\n<figure class=\"wp-block-image alignright is-resized\"><a href=\"https:\/\/www.tournride.com\/wp-content\/uploads\/2015\/04\/lello.gif\"><img loading=\"lazy\" decoding=\"async\" width=\"448\" height=\"592\" src=\"https:\/\/www.tournride.com\/wp-content\/uploads\/2015\/04\/lello.gif\" alt=\"Aluguel de ebikes a partir do Porto. Livraria Lello\" class=\"wp-image-496\" style=\"width:378px;height:auto\" title=\"\"><\/a><\/figure>\n\n\n\n<p>A poucos passos da Torre dos Cl\u00e9rigos, voc\u00ea encontrar\u00e1 um dos lugares mais m\u00e1gicos do Porto: a Livraria Lello. Considerada uma das livrarias mais belas da Europa, este espa\u00e7o o transportar\u00e1 para um mundo de fantasia desde o momento em que cruzar sua porta. A Livraria Lello n\u00e3o \u00e9 apenas um lugar para os amantes dos livros, mas tamb\u00e9m um santu\u00e1rio para quem busca inspira\u00e7\u00e3o e beleza em cada canto.<\/p>\n\n\n\n<p>O edif\u00edcio, em estilo neog\u00f3tico, foi constru\u00eddo em 1906 e \u00e9 famoso por sua impressionante arquitetura. Ao entrar, voc\u00ea ser\u00e1 recebido por uma escada de madeira entalhada que parece sa\u00edda de um conto de fadas. As estantes, que chegam at\u00e9 o teto, est\u00e3o repletas de livros que convidam \u00e0 explora\u00e7\u00e3o e \u00e0 descoberta. Mas o que realmente torna este lugar \u00fanico \u00e9 a claraboia de vitrais que inunda o espa\u00e7o de luz natural, criando uma atmosfera et\u00e9rea e quase m\u00e1gica.<\/p>\n\n\n\n<p>Al\u00e9m disso, a Livraria Lello \u00e9 mundialmente conhecida por ter inspirado cenas da saga &#8220;Harry Potter.&#8221; A autora, J.K. Rowling, viveu no Porto por um tempo e dizem que este lugar a inspirou a criar a famosa escada m\u00f3vel de Hogwarts. Caminhar pela livraria \u00e9 como entrar em um mundo de fantasia, onde cada detalhe parece contar uma hist\u00f3ria pr\u00f3pria.<\/p>\n\n\n\n<p>A Livraria Lello n\u00e3o \u00e9 apenas o lugar perfeito para tirar fotos incr\u00edveis, mas tamb\u00e9m para encontrar um bom livro que o acompanhe nos momentos de descanso durante seu Caminho. Que melhor companhia do que uma boa hist\u00f3ria enquanto desfruta das noites tranquilas nos albergues? Aqui voc\u00ea pode encontrar uma vasta gama de livros em diferentes idiomas, desde cl\u00e1ssicos da literatura at\u00e9 os \u00faltimos lan\u00e7amentos. Al\u00e9m disso, a livraria oferece uma sele\u00e7\u00e3o cuidadosamente curada de livros sobre o Porto e Portugal, perfeitos para quem quer aprofundar na hist\u00f3ria e na cultura local.<\/p>\n\n\n\n<p>Visitar a Livraria Lello \u00e9 uma experi\u00eancia que voc\u00ea n\u00e3o pode perder se estiver no Porto. \u00c9 um lugar onde a magia e a realidade se encontram, e onde cada livro nas prateleiras promete uma aventura \u00fanica. Portanto, seja voc\u00ea em busca de inspira\u00e7\u00e3o, uma boa leitura ou simplesmente um lugar para se maravilhar, a Livraria Lello \u00e9 o destino perfeito.<\/p>\n\n\n\n<h3 class=\"wp-block-heading\" id=\"casa-de-la-musica-un-icono-moderno\"><strong><strong><strong>Casa da M\u00fasica: Um \u00cdcone Moderno<\/strong><\/strong><\/strong><\/h3>\n\n\n\n<figure class=\"wp-block-image alignleft is-resized\"><a href=\"https:\/\/www.tournride.com\/wp-content\/uploads\/2015\/04\/casa-da-musica.jpg\"><img loading=\"lazy\" decoding=\"async\" width=\"999\" height=\"592\" src=\"https:\/\/www.tournride.com\/wp-content\/uploads\/2015\/04\/casa-da-musica.jpg\" alt=\"Aluguel de ebikes a partir do Porto. Casa da M\u00fasica\" class=\"wp-image-497\" style=\"width:458px;height:auto\" title=\"\" srcset=\"https:\/\/www.tournride.com\/wp-content\/uploads\/2015\/04\/casa-da-musica.jpg 999w, https:\/\/www.tournride.com\/wp-content\/uploads\/2015\/04\/casa-da-musica-300x178.jpg 300w, https:\/\/www.tournride.com\/wp-content\/uploads\/2015\/04\/casa-da-musica-600x356.jpg 600w\" sizes=\"auto, (max-width: 999px) 100vw, 999px\" \/><\/a><\/figure>\n\n\n\n<p>Para os amantes da cultura e da arquitetura, a Casa da M\u00fasica \u00e9 uma parada obrigat\u00f3ria no Porto. Este edif\u00edcio vanguardista, inaugurado em 2005, \u00e9 uma obra-prima do arquiteto Rem Koolhaas e tornou-se um dos s\u00edmbolos mais modernos da cidade.<\/p>\n\n\n\n<p>Localizada no bairro da Boavista, a Casa da M\u00fasica se destaca por seu design ousado e sua ac\u00fastica impressionante. Est\u00e1 rodeada por parques e \u00e1reas verdes, tornando-a o lugar perfeito para passear e relaxar antes de iniciar sua viagem.<\/p>\n\n\n\n<p>Al\u00e9m de sua arquitetura, a Casa da M\u00fasica \u00e9 um centro cultural vibrante. Oferece uma ampla variedade de eventos, desde concertos de m\u00fasica cl\u00e1ssica at\u00e9 exposi\u00e7\u00f5es de arte contempor\u00e2nea. Se tiver a oportunidade, consulte a programa\u00e7\u00e3o e desfrute de uma experi\u00eancia cultural \u00fanica antes de pedalar em dire\u00e7\u00e3o a Santiago.<\/p>\n\n\n\n<h3 class=\"wp-block-heading\" id=\"listo-para-vivir-el-camino-portugues-en-ebike\"><strong><strong>Pronto para Viver o Caminho Portugu\u00eas de Ebike?<\/strong><\/strong><\/h3>\n\n\n\n<p>Na Tournride, n\u00e3o oferecemos apenas um servi\u00e7o de <strong>Aluguel de ebikes a partir do Porto<\/strong>, mas uma experi\u00eancia completa projetada para tornar sua peregrina\u00e7\u00e3o inesquec\u00edvel. O que voc\u00ea est\u00e1 esperando? Reserve sua ebike agora e comece a aventura da sua vida.<\/p>\n\n\n\n<p><strong><strong>Quer Saber Mais?<\/strong><\/strong><\/p>\n\n\n\n<ul class=\"wp-block-list\">\n<li><a aria-label=\"Mais informa\u00e7\u00f5es sobre:  Bicicletas\" href=\"https:\/\/www.tournride.com\/pt-br\/aluguel-de-bicicletas-caminho-de-santiago\/\" data-type=\"page\" data-id=\"28017\">Nossas bicicletas e ebikes para o Caminho Portugu\u00eas de bicicleta<\/a><\/li>\n\n\n\n<li><a aria-label=\"Mais informa\u00e7\u00f5es sobre:  Acess\u00f3rios\" href=\"https:\/\/www.tournride.com\/pt-br\/acessorios\/\" data-type=\"page\" data-id=\"28044\">Nossos acess\u00f3rios<\/a><\/li>\n\n\n\n<li><a aria-label=\"Mais informa\u00e7\u00f5es sobre:  Tournride Full Assistance\" href=\"https:\/\/www.tournride.com\/pt-br\/gestao-de-reservas\/tournride-full-assistance\/\" data-type=\"page\" data-id=\"28139\">Tournride Full Assistance<\/a><\/li>\n\n\n\n<li><a aria-label=\"Mais informa\u00e7\u00f5es sobre:  Perguntas Frequentes\" href=\"https:\/\/www.tournride.com\/pt-br\/gestao-de-reservas\/perguntas-frequentes\/\" data-type=\"page\" data-id=\"28104\">Perguntas frequentes<\/a><\/li>\n\n\n\n<li><a aria-label=\"Mais informa\u00e7\u00f5es sobre:  Reservar Uma Bicicleta Para O Caminho\" href=\"https:\/\/www.tournride.com\/pt-br\/informacao\/reservar-uma-bicicleta-para-o-caminho\/\" data-type=\"page\" data-id=\"28858\">Quando reservar?<\/a><\/li>\n\n\n\n<li><a aria-label=\"Mais informa\u00e7\u00f5es sobre:  Como Reservar Bicicletas na Tournride\" href=\"https:\/\/www.tournride.com\/pt-br\/como-reservar-bicicletas\/\" data-type=\"page\" data-id=\"29111\">Como <\/a><a aria-label=\"Mais informa\u00e7\u00f5es sobre:  Como Reservar Bicicletas na Tournride\" href=\"https:\/\/www.tournride.com\/pt-br\/como-reservar-bicicletas\/\" data-type=\"page\" data-id=\"29117\">reservar<\/a><a aria-label=\"Mais informa\u00e7\u00f5es sobre:  Como Reservar Bicicletas na Tournride\" href=\"https:\/\/www.tournride.com\/pt-br\/como-reservar-bicicletas\/\" data-type=\"page\" data-id=\"29111\">?<\/a><\/li>\n<\/ul>\n\n\n\n<h3 class=\"wp-block-heading\" id=\"informacion-de-interes\">Informazioni utili:<\/h3>\n\n\n\n<ul class=\"wp-block-list\">\n<li><a aria-label=\"Visite o site Ana.pt para mais informa\u00e7\u00f5es\" title=\"Airport\" href=\"http:\/\/www.ana.pt\/es-ES\/Aeroportos\/porto\/Porto\/Paginas\/HomePorto.aspx\" target=\"_blank\" rel=\"noopener noreferrer\">Aeroporto<\/a><\/li>\n\n\n\n<li><a aria-label=\"Visite o site Autna para mais informa\u00e7\u00f5es\" title=\"Bus Station\" href=\"http:\/\/www.autna.com\/\" target=\"_blank\" rel=\"noopener noreferrer\">Rodovi\u00e1ria<\/a><\/li>\n\n\n\n<li><a aria-label=\"Visite o site Cp.pt para mais informa\u00e7\u00f5es\" title=\"Train Station\" href=\"http:\/\/www.cp.pt\/passageiros\/pt\" target=\"_blank\" rel=\"noopener noreferrer\">Esta\u00e7\u00e3o de trem<\/a><\/li>\n\n\n\n<li><a aria-label=\"Visite o site Visitportugal para mais informa\u00e7\u00f5es\" title=\"Tourism Office\" href=\"https:\/\/www.visitportugal.com\/es\/\" target=\"_blank\" rel=\"noopener noreferrer\">Posto de turismo<\/a><\/li>\n<\/ul>\n","protected":false},"excerpt":{"rendered":"<p>Descubra o Caminho Portugu\u00eas de Bicicleta Tournride e os Bicigrinos: Sua Aventura no Caminho Portugu\u00eas Come\u00e7a Aqui Voc\u00ea sonha em viver uma experi\u00eancia \u00fanica percorrendo o Caminho de Santiago de bicicleta? Na Tournride, facilitamos isso para voc\u00ea. Oferecemos aluguel de ebikes a partir do Porto para que sua peregrina\u00e7\u00e3o seja confort\u00e1vel, emocionante e cheia de [&hellip;]<\/p>\n","protected":false},"author":2,"featured_media":0,"comment_status":"closed","ping_status":"closed","sticky":false,"template":"","format":"standard","meta":{"rank_math_title":"Aluguel de ebikes a partir do Porto: Inicie Sua Aventura!","rank_math_description":"Descubra o melhor servi\u00e7o de Aluguel de ebikes a partir do Porto com a Tournride. Explore o Caminho Portugu\u00eas confortavelmente. Reserve sua ebike hoje!","rank_math_focus_keyword":"Aluguel de ebikes a partir do Porto","rank_math_canonical_url":"","rank_math_facebook_title":"","rank_math_facebook_description":"","rank_math_facebook_image":"","rank_math_twitter_title":"","rank_math_twitter_description":"","rank_math_twitter_image":"","rank_math_twitter_card_type":"","rank_math_twitter_use_facebook":"","rank_math_robots":["index"],"rank_math_advanced_robots":[],"_joinchat":[],"footnotes":""},"categories":[4556],"tags":[],"class_list":["post-29171","post","type-post","status-publish","format-standard","hentry","category-nao-categorizado"],"_links":{"self":[{"href":"https:\/\/www.tournride.com\/pt-br\/wp-json\/wp\/v2\/posts\/29171","targetHints":{"allow":["GET"]}}],"collection":[{"href":"https:\/\/www.tournride.com\/pt-br\/wp-json\/wp\/v2\/posts"}],"about":[{"href":"https:\/\/www.tournride.com\/pt-br\/wp-json\/wp\/v2\/types\/post"}],"author":[{"embeddable":true,"href":"https:\/\/www.tournride.com\/pt-br\/wp-json\/wp\/v2\/users\/2"}],"replies":[{"embeddable":true,"href":"https:\/\/www.tournride.com\/pt-br\/wp-json\/wp\/v2\/comments?post=29171"}],"version-history":[{"count":1,"href":"https:\/\/www.tournride.com\/pt-br\/wp-json\/wp\/v2\/posts\/29171\/revisions"}],"predecessor-version":[{"id":29172,"href":"https:\/\/www.tournride.com\/pt-br\/wp-json\/wp\/v2\/posts\/29171\/revisions\/29172"}],"wp:attachment":[{"href":"https:\/\/www.tournride.com\/pt-br\/wp-json\/wp\/v2\/media?parent=29171"}],"wp:term":[{"taxonomy":"category","embeddable":true,"href":"https:\/\/www.tournride.com\/pt-br\/wp-json\/wp\/v2\/categories?post=29171"},{"taxonomy":"post_tag","embeddable":true,"href":"https:\/\/www.tournride.com\/pt-br\/wp-json\/wp\/v2\/tags?post=29171"}],"curies":[{"name":"wp","href":"https:\/\/api.w.org\/{rel}","templated":true}]}}