{"id":3038,"date":"2016-12-28T10:28:59","date_gmt":"2016-12-28T09:28:59","guid":{"rendered":"https:\/\/www.tournride.com\/f83b22b844ac07a43a3f1ef6a8e10c29cb09ae7d9fbb052eb44ad624a4f02adapostnamef83b22b844ac07a43a3f1ef6a8e10c29cb09ae7d9fbb052eb44ad624a4f02ada\/"},"modified":"2026-01-11T11:04:40","modified_gmt":"2026-01-11T10:04:40","slug":"tappa-7-da-burgos-a-carrion-de-los-condes-cammino-in-bicicletta","status":"publish","type":"post","link":"https:\/\/www.tournride.com\/it\/tappa-7-da-burgos-a-carrion-de-los-condes-cammino-in-bicicletta\/","title":{"rendered":"TAPPA 7: DA BURGOS A CARRI\u00d3N DE LOS CONDES"},"content":{"rendered":"\n<h3 class=\"wp-block-heading\" id=\"cammino-francese-in-bicicletta\">CAMMINO FRANCESE IN BICICLETTA<\/h3>\n\n\n\n<h3 class=\"wp-block-heading\" id=\"da-burgos-a-carrion-de-los-condes\">DA BURGOS A CARRI\u00d3N DE LOS CONDES<\/h3>\n\n\n\n<ul class=\"wp-block-list\">\n<li><span style=\"color: #308ec5;\"><b>Distanza da Santiago: <\/b><\/span><span style=\"font-weight: 400;\">487 km<\/span><\/li>\n\n\n\n<li><span style=\"color: #308ec5;\"><b>Distanza di tappa: <\/b><\/span><span style=\"font-weight: 400;\">86 km<\/span><\/li>\n\n\n\n<li><span style=\"color: #308ec5;\"><b>Tempo stimato: <\/b><\/span><span style=\"font-weight: 400;\">6 &#8211; 6,5 ore <\/span><\/li>\n\n\n\n<li><span style=\"color: #308ec5;\"><b>Quota minima: <\/b><\/span><span style=\"font-weight: 400;\">773 m<\/span><\/li>\n\n\n\n<li><span style=\"color: #308ec5;\"><b>Quota massima:<\/b><\/span><span style=\"font-weight: 400;\"> 930 m<\/span><\/li>\n\n\n\n<li><span style=\"color: #308ec5;\"><b>Difficolt\u00e0 della tappa:<\/b> <\/span><span style=\"font-weight: 400;\">Media<\/span><\/li>\n\n\n\n<li><span style=\"color: #308ec5;\"><b>Luoghi di interesse:<\/b> <\/span><span style=\"font-weight: 400;\">Castrojeriz, Fr\u00f3mista, Villalc\u00e1zar de Sirga, Carri\u00f3n de los Condes<\/span><\/li>\n\n\n\n<li><b><span style=\"color: #308ec5;\">Mappa di itinerario:<\/span> <\/b><span style=\"font-weight: 400;\">Per vedere il percorso su Google Maps fare click <a aria-label=\"View the detailed map of the stage: TAPPA 7: DA BURGOS A CARRI\u00d3N DE LOS CONDES\" href=\"https:\/\/www.google.es\/maps\/@42.3056421,-4.2822123,11z\/data=!3m1!4b1!4m2!6m1!1s1iTw1BQQaZr135dlYuU1A4xf0ZpM\" target=\"_blank\" rel=\"noopener noreferrer\">qui<\/a><\/span><\/li>\n<\/ul>\n\n\n<div class=\"tournride-cta-container\">\n            <a class=\"tournride-cta-button\" href=\"https:\/\/www.tournride.com\/it\/?lang=it&#038;utm_source=blog&#038;utm_medium=contenido_web&#038;utm_campaign=tappa-7-da-burgos-a-carrion-de-los-condes-cammino-in-bicicletta&#038;utm_content=it\">Prenota ora la tua bici!<\/a>\n        <\/div>\n\n\n\n<figure class=\"wp-block-image aligncenter size-full\"><a href=\"https:\/\/www.tournride.com\/wp-content\/uploads\/2016\/12\/Mapa-itinerario-etapa-7.jpg\" rel=\"noopener noreferrer\"><img loading=\"lazy\" decoding=\"async\" width=\"3510\" height=\"2128\" src=\"https:\/\/www.tournride.com\/wp-content\/uploads\/2016\/12\/Mapa-itinerario-etapa-7.jpg\" alt=\"TAPPA 7: DA BURGOS A CARRI\u00d3N DE LOS CONDES. CAMMINO FRANCESE IN BICICLETTA\" class=\"wp-image-1464\" title=\"\" srcset=\"https:\/\/www.tournride.com\/wp-content\/uploads\/2016\/12\/Mapa-itinerario-etapa-7.jpg 3510w, https:\/\/www.tournride.com\/wp-content\/uploads\/2016\/12\/Mapa-itinerario-etapa-7-300x182.jpg 300w, https:\/\/www.tournride.com\/wp-content\/uploads\/2016\/12\/Mapa-itinerario-etapa-7-768x466.jpg 768w, https:\/\/www.tournride.com\/wp-content\/uploads\/2016\/12\/Mapa-itinerario-etapa-7-1024x621.jpg 1024w\" sizes=\"auto, (max-width: 3510px) 100vw, 3510px\" \/><\/a><\/figure>\n\n\n\n<p><span style=\"font-weight: 400;\">In questa tappa attraverseremo tutta la campagna di Burgos per entrare in Palencia, parte della cosiddetta \u201cTierra de Campos\u201d. Il nostro corpo e la nostra mente si saranno gi\u00e0 abituati percorrere<\/span><b> paesaggi molto pi\u00f9 omogenei <\/b><span style=\"font-weight: 400;\">di quelli precedenti in cui <\/span><b>l\u2019altimetria, ben equilibrata, viene interrotta da colline <\/b><span style=\"font-weight: 400;\">che si innalzano all\u2019orizzonte come statue e che a volte ci toccher\u00e0 superare. <\/span><\/p>\n\n\n\n<p><span style=\"font-weight: 400;\">C\u2019\u00e8 chi non apprezza questa parte del Cammino Francese e tenta di attraversarla il pi\u00f9 rapidamente possibile, considerando questo paesaggio come monotono e senza alcuna attrattiva. E\u2019 vero che questa parte \u00e8 dura \u2013 soprattutto d\u2019estate \u2013 ma \u00e8 anche un tratto fondamentale del pellegrinaggio: l\u2019immagine delle sue campagne \u00e8 una delle pi\u00f9 riconoscibili del Cammino. I nostri occhi si poseranno per km su questa immagine da cartolina, un percorso in linea retta fiancheggiato da campi dorati in cui a volte si stagliano solide quercie. Facilmente rimarr\u00e0 impressa nella nostra retina e sar\u00e0 fonte di pace e armonia per il futuro, quando ci ricorderemo della serenit\u00e0 del pellegrinaggio e della grande opportunit\u00e0 che ci offre di concentrarci su noi stessi. <\/span><\/p>\n\n\n\n<p><span style=\"font-weight: 400;\">Dimentichiamoci per adesso del mondo, in cui l\u2019importante \u00e8 l\u2019immediato, la novit\u00e0 e il continuo cambiamento. Al contrario, lasciamo che l\u2019armonia e la pace del paesaggio intorno a noi alimentino la nostra introspezione. <strong>Il pellegrinaggio ci regala tempo per pensare e, senza complicare ci\u00f2 che \u00e8 semplice, ricordiamoci di Machado, Unamuno o Fern\u00e0n Gonz\u00e0lez e troveremo nella Castiglia un mondo pieno di sfumature, di ricchezza paesaggistica e umana. <\/strong><\/span><\/p>\n\n\n\n<h2 class=\"wp-block-heading\" id=\"profilo-e-percorso-generale-della-tappa\"><b>PROFILO E PERCORSO GENERALE DELLA TAPPA<\/b><\/h2>\n\n\n\n<p><span style=\"font-weight: 400;\">Questa tappa corre per la maggior parte su piste di terreno stabile tra i campi e, alla fine, su strade regionali asfaltate. In generale, il profilo \u00e8 piuttosto regolare e <\/span><b>le differenze di quota si superano su lunghe distanze,<\/b><span style=\"font-weight: 400;\">, quindi le discese saranno dolci e piacevoli. Le salite non saranno troppo dure.<\/span><\/p>\n\n\n\n<p><span style=\"font-weight: 400;\">Ci sono <\/span><b>solo tre punti in cui potremmo avere dei problemi <\/b><span style=\"font-weight: 400;\">con il percorso: <\/span><\/p>\n\n\n\n<ul class=\"wp-block-list\">\n<li><b>Arrivando a Hornillos e a Hontanas ci sono due rampe in discesa<\/b><span style=\"font-weight: 400;\"> che sono da menzionare ma che non presentano molta difficolt\u00e0 tecnica. Bisogna tenere conto che, soprattutto a Hontanas, la differenza di quota \u00e8 tale per cui il paese non si vede fino all\u2019ultimo, e quindi il tratto \u00e8 psicologicamente impegnativo perch\u00e9 sembra che, per quanto si pedala, non si proceda. <\/span><\/li>\n\n\n\n<li><b> L\u2019Alto di Mostelares <\/b><span style=\"font-weight: 400;\">\u00e8 un altro punto complicato, subito all\u2019uscita di Castrojeriz. Qui si sale di 140 m in poco pi\u00f9 di 1 km, con una pendenza relativa media dell\u201911%. La discesa \u00e8 ugualmente vertiginosa, su terra stabile con piccole pietre sciolte. <\/span><\/li>\n<\/ul>\n\n\n\n<figure class=\"wp-block-image aligncenter size-full\"><a href=\"https:\/\/www.tournride.com\/wp-content\/uploads\/2016\/12\/cuesta-matamulos-de-bajada-a-hornillos-del-camino.-cedida-por-jorge-ga\u00f1\u00e1n.jpg\"><img loading=\"lazy\" decoding=\"async\" width=\"960\" height=\"720\" src=\"https:\/\/www.tournride.com\/wp-content\/uploads\/2016\/12\/cuesta-matamulos-de-bajada-a-hornillos-del-camino.-cedida-por-jorge-ga\u00f1\u00e1n.jpg\" alt=\"Cuesta llamada &quot;Matamulos&quot; que baja hasta Hornillos del Camino\" class=\"wp-image-1465\" title=\"\" srcset=\"https:\/\/www.tournride.com\/wp-content\/uploads\/2016\/12\/cuesta-matamulos-de-bajada-a-hornillos-del-camino.-cedida-por-jorge-ga\u00f1\u00e1n.jpg 960w, https:\/\/www.tournride.com\/wp-content\/uploads\/2016\/12\/cuesta-matamulos-de-bajada-a-hornillos-del-camino.-cedida-por-jorge-ga\u00f1\u00e1n-300x225.jpg 300w, https:\/\/www.tournride.com\/wp-content\/uploads\/2016\/12\/cuesta-matamulos-de-bajada-a-hornillos-del-camino.-cedida-por-jorge-ga\u00f1\u00e1n-768x576.jpg 768w\" sizes=\"auto, (max-width: 960px) 100vw, 960px\" \/><\/a><figcaption class=\"wp-element-caption\">Discesa in costa fino a Hornillos del Camino, denominata \u201cMatamulos\u201d (Fotografia ceduta da Jorge Ga\u00f1\u00e0n)<\/figcaption><\/figure>\n\n\n\n<p><span style=\"font-weight: 400;\">In realt\u00e0,<\/span><b> le maggiori difficolt\u00e0 in questa tappa sono i km e, soprattutto d\u2019estate, le lunghe distanza senza ombra tra le cittadine e i servizi<\/b><span style=\"font-weight: 400;\">. Di certo \u00e8 pi\u00f9 lunga delle tappe precedenti ma la pianura aiuta a percorrerla rapidamente e il terreno \u00e8 favorevole. <\/span><\/p>\n\n\n\n<p><b>Per uscire da Burgos<\/b><span style=\"font-weight: 400;\"> bisogna attraversare il campus universitario di San Amaro dove, dopo aver attraversato il ponte sull\u2019Arlanz\u00f2n, possiamo prendere la pista ciclabile fino a quando la N120 devia verso sinistra e i segnali ci indicano di attraversare il passaggio pedonale verso calle Benito P\u00e9rez Gald\u00f2s. A questo punto<\/span><b> abbiamo due opzioni: attraversare e prendere il cammino originale o deviare e prendere la N120 fino a Tardajos.<\/b><\/p>\n\n\n\n<p><span style=\"font-weight: 400;\">Se andiamo per la via tradizionale prenderemo calle Benito P\u00e9rez Gald\u00f2s. Percorrendo quindi un sentiero di terra fino ad arrivare alla zona municipale di Villalbilla di Burgos, dove attraverseremo prima la ferrovia, poi la BU600 con un cavalcavia e infine la A-231. Il cammino quindi corre parallelo alla N-120 fino a Tardajos. <\/span><\/p>\n\n\n\n<p><b>A Tardajos, ci allontaniamo dalla N-120 e non la ritroveremo fino ad arrivare a Carri\u00f2n de los Condes. Per questo, per vedere le localit\u00e0 giacobine in questa tappa \u00e8 necessario seguire il cammino tradizionale<\/b><span style=\"font-weight: 400;\">. Per la maggior parte del tempo il fondo sar\u00e0 di terra, anche se in alcuni tratti del Cammino di Santiago coincide con piste asfaltate o strade regionali. <\/span><\/p>\n\n\n\n<p><span style=\"font-weight: 400;\">Tardajos e Rab\u00e9 de las Calzadas sono unite da una pista asfaltata di 1,5 km. Dopo aver attraversato il paese, bisogna percorrere <\/span><b>8 km fino a Hornillos del Cammino<\/b><span style=\"font-weight: 400;\"> su un sentiero tra i campi. Si comincia con una salita dolce ma costante di 4 km fino ad arrivare ad un passo (917 m di quota) da cui si scende comodamente fino a Hornillos. <\/span><\/p>\n\n\n\n<figure class=\"wp-block-image aligncenter size-full\"><a href=\"https:\/\/www.tournride.com\/wp-content\/uploads\/2016\/12\/De-rab\u00e9-a-Hornillos-merendero-de-valdepozo-a-la-derecha.-cedida-por-jorge-ga\u00f1\u00e1n.jpg\" rel=\"noopener noreferrer\"><img loading=\"lazy\" decoding=\"async\" width=\"960\" height=\"720\" src=\"https:\/\/www.tournride.com\/wp-content\/uploads\/2016\/12\/De-rab\u00e9-a-Hornillos-merendero-de-valdepozo-a-la-derecha.-cedida-por-jorge-ga\u00f1\u00e1n.jpg\" alt=\"Sendero que lleva desde Rab\u00e9 de las Calzadas a Hornillos del Camino en una parte del camino franc\u00e9s\" class=\"wp-image-1466\" title=\"\" srcset=\"https:\/\/www.tournride.com\/wp-content\/uploads\/2016\/12\/De-rab\u00e9-a-Hornillos-merendero-de-valdepozo-a-la-derecha.-cedida-por-jorge-ga\u00f1\u00e1n.jpg 960w, https:\/\/www.tournride.com\/wp-content\/uploads\/2016\/12\/De-rab\u00e9-a-Hornillos-merendero-de-valdepozo-a-la-derecha.-cedida-por-jorge-ga\u00f1\u00e1n-300x225.jpg 300w, https:\/\/www.tournride.com\/wp-content\/uploads\/2016\/12\/De-rab\u00e9-a-Hornillos-merendero-de-valdepozo-a-la-derecha.-cedida-por-jorge-ga\u00f1\u00e1n-768x576.jpg 768w\" sizes=\"auto, (max-width: 960px) 100vw, 960px\" \/><\/a><figcaption class=\"wp-element-caption\">Sentiero da Rab\u00e9 de las Calzadas a Hornillos del Cammino ( Fotografia ceduta da Jorge Ga\u00f1\u00e0n)<\/figcaption><\/figure>\n\n\n\n<p><span style=\"font-weight: 400;\">All\u2019arrivo abbiamo davanti <\/span><b>11 km fino ad Hontanas su un altro sentiero <\/b><span style=\"font-weight: 400;\">in cui l\u2019unico punto con servizi che c\u2019\u00e8 \u00e8 l\u2019ostello di San Bol, in una deviazione a sinistra al km 6. Durante<\/span><span style=\"font-weight: 400;\">questo tratto raggiungiamo la quota massima della tappa (930 m).<\/span><\/p>\n\n\n\n<p><span style=\"font-weight: 400;\">Il sentiero termina con una rampa di 200 m in cui scendiamo per 50 m di differenza di quota fino al centro della cittadina di Hontanas (km 31 della tappa).<\/span><\/p>\n\n\n\n<figure class=\"wp-block-image aligncenter size-full\"><a href=\"https:\/\/www.tournride.com\/wp-content\/uploads\/2016\/12\/Foto-Flick-Camino-Hontanas.jpg\"><img loading=\"lazy\" decoding=\"async\" width=\"3888\" height=\"2592\" src=\"https:\/\/www.tournride.com\/wp-content\/uploads\/2016\/12\/Foto-Flick-Camino-Hontanas.jpg\" alt=\"Personas haciendo el Camino en bici en el trazado que lleva a Hontanas\" class=\"wp-image-1467\" title=\"\" srcset=\"https:\/\/www.tournride.com\/wp-content\/uploads\/2016\/12\/Foto-Flick-Camino-Hontanas.jpg 3888w, https:\/\/www.tournride.com\/wp-content\/uploads\/2016\/12\/Foto-Flick-Camino-Hontanas-300x200.jpg 300w, https:\/\/www.tournride.com\/wp-content\/uploads\/2016\/12\/Foto-Flick-Camino-Hontanas-768x512.jpg 768w, https:\/\/www.tournride.com\/wp-content\/uploads\/2016\/12\/Foto-Flick-Camino-Hontanas-1024x683.jpg 1024w\" sizes=\"auto, (max-width: 3888px) 100vw, 3888px\" \/><\/a><figcaption class=\"wp-element-caption\">Cammino a Hontanas (Fotografia ceduta da Hans-Jakob Weinz)<\/figcaption><\/figure>\n\n\n\n<p><b>Da Hontanas dobbiamo percorrere 10 km fino a Castrojeriz<\/b><span style=\"font-weight: 400;\">. I primi 5 km prevedono una maggior difficolt\u00e0 tecnica, dato che il sentiero si trova sulla costa di una collina e ci sono pietre sciolte. Il Cammino di Santiago in seguito coincide con una strada locale che passa per le rovine del monastero di San Ant\u00f2n e arriva a Castrojeriz. Vista la difficolt\u00e0 del primo tratto, <\/span><b>Tournride vi consiglia \u2013 soprattutto in momenti di grande affluenza di pellegrini \u2013 di prendere la strada locale gi\u00e0 da Hontanas, all\u2019uscita del paese<\/b><span style=\"font-weight: 400;\">. <\/span><\/p>\n\n\n\n<p><span style=\"font-weight: 400;\">Dopo aver attraversato Castrojeriz <\/span><b>ci dirigiamo verso Itero de la Vega, da cui ci separano 11 km. A met\u00e0, incontriamo il gi\u00e0 menzionato Alto de Mostelares<\/b><span style=\"font-weight: 400;\">, dove vi consigliamo di ricompensare la fatica della salita con il bellissimo paesaggio che offre e di prestare molta attenzione nella discesa.<\/span><\/p>\n\n\n\n<figure class=\"wp-block-image aligncenter size-full\"><a href=\"https:\/\/www.tournride.com\/wp-content\/uploads\/2016\/12\/Foto-Flick-CASTROJERIZ-DESDE-ALTO-DE-MOSTELARES.jpg\"><img loading=\"lazy\" decoding=\"async\" width=\"4000\" height=\"3000\" src=\"https:\/\/www.tournride.com\/wp-content\/uploads\/2016\/12\/Foto-Flick-CASTROJERIZ-DESDE-ALTO-DE-MOSTELARES.jpg\" alt=\"Vista desde el alto de Mostelares con el cerro de Castrojeriz al fondo\" class=\"wp-image-1468\" title=\"\" srcset=\"https:\/\/www.tournride.com\/wp-content\/uploads\/2016\/12\/Foto-Flick-CASTROJERIZ-DESDE-ALTO-DE-MOSTELARES.jpg 4000w, https:\/\/www.tournride.com\/wp-content\/uploads\/2016\/12\/Foto-Flick-CASTROJERIZ-DESDE-ALTO-DE-MOSTELARES-300x225.jpg 300w, https:\/\/www.tournride.com\/wp-content\/uploads\/2016\/12\/Foto-Flick-CASTROJERIZ-DESDE-ALTO-DE-MOSTELARES-768x576.jpg 768w, https:\/\/www.tournride.com\/wp-content\/uploads\/2016\/12\/Foto-Flick-CASTROJERIZ-DESDE-ALTO-DE-MOSTELARES-1024x768.jpg 1024w\" sizes=\"auto, (max-width: 4000px) 100vw, 4000px\" \/><\/a><figcaption class=\"wp-element-caption\">Cerro di Castrojeriz visto dall\u2019alto di Mostelares (Fotografia ceduta da Santiago L\u00f2pez-Pastor)<\/figcaption><\/figure>\n\n\n\n<p><b>Prima di arrivare a Itero de la Vega,<\/b> <b>attraversiamo il fiume Pisuerga <\/b><span style=\"font-weight: 400;\">su un grande ponte di pietra che segna il confine tra Burgos e Palencia. Il cammino originale gira subito a destra su un sentiero di terra che va verso Itero e da l\u00ec a Boadilla del Cammino ma, se preferite,<\/span><b> potete continuare diritto per la P432 fino a Boadilla<\/b><span style=\"font-weight: 400;\"> (1 km in meno che prendendo il sentiero). <\/span><\/p>\n\n\n\n<p><span style=\"font-weight: 400;\">Se prendete il cammino tradizionale uscendo da Itero de la Vega percorrerete 8 km tra i campi fino a Boadilla del Cammino (km 60 della tappa): la prima met\u00e0 in leggera salita e la seconda in lieve discesa.<\/span><\/p>\n\n\n\n<figure class=\"wp-block-image aligncenter size-full\"><a href=\"https:\/\/www.tournride.com\/wp-content\/uploads\/2016\/12\/Foto-Flick-CAMINO-A-FROMISTA.jpg\"><img loading=\"lazy\" decoding=\"async\" width=\"2369\" height=\"908\" src=\"https:\/\/www.tournride.com\/wp-content\/uploads\/2016\/12\/Foto-Flick-CAMINO-A-FROMISTA.jpg\" alt=\"Ciclistas que van de camino a Fr\u00f3mista por un terreno llano\" class=\"wp-image-1469\" title=\"\" srcset=\"https:\/\/www.tournride.com\/wp-content\/uploads\/2016\/12\/Foto-Flick-CAMINO-A-FROMISTA.jpg 2369w, https:\/\/www.tournride.com\/wp-content\/uploads\/2016\/12\/Foto-Flick-CAMINO-A-FROMISTA-300x115.jpg 300w, https:\/\/www.tournride.com\/wp-content\/uploads\/2016\/12\/Foto-Flick-CAMINO-A-FROMISTA-768x294.jpg 768w, https:\/\/www.tournride.com\/wp-content\/uploads\/2016\/12\/Foto-Flick-CAMINO-A-FROMISTA-1024x392.jpg 1024w\" sizes=\"auto, (max-width: 2369px) 100vw, 2369px\" \/><\/a><figcaption class=\"wp-element-caption\">Cammino a Fr\u00f2mista (Fotografia ceduta da instant10)<\/figcaption><\/figure>\n\n\n\n<p><b>Da Boadilla del Cammino mancano solo 5 km a Fr\u00f2mista, con un percorso in piano su un sentiero che percorre la riva sud del Canal de Castilla.<\/b><span style=\"font-weight: 400;\"> Attraversiamo il canale poco prima di entrare nella cittadina attraverso una chiusa manuale del S. XVIII e arriviamo al centro citt\u00e0.<\/span><\/p>\n\n\n\n<figure class=\"wp-block-image aligncenter size-full\"><a href=\"https:\/\/www.tournride.com\/wp-content\/uploads\/2016\/12\/Canal-de-Castilla-esclusa-Fromista-Copiar.jpg\"><img loading=\"lazy\" decoding=\"async\" width=\"1024\" height=\"766\" src=\"https:\/\/www.tournride.com\/wp-content\/uploads\/2016\/12\/Canal-de-Castilla-esclusa-Fromista-Copiar.jpg\" alt=\"Esclusas de piedra situadas en el Canal de Castilla\" class=\"wp-image-1470\" title=\"\" srcset=\"https:\/\/www.tournride.com\/wp-content\/uploads\/2016\/12\/Canal-de-Castilla-esclusa-Fromista-Copiar.jpg 1024w, https:\/\/www.tournride.com\/wp-content\/uploads\/2016\/12\/Canal-de-Castilla-esclusa-Fromista-Copiar-300x224.jpg 300w, https:\/\/www.tournride.com\/wp-content\/uploads\/2016\/12\/Canal-de-Castilla-esclusa-Fromista-Copiar-768x575.jpg 768w\" sizes=\"auto, (max-width: 1024px) 100vw, 1024px\" \/><\/a><figcaption class=\"wp-element-caption\">Chiuse del Canal de Castilla<\/figcaption><\/figure>\n\n\n\n<p><b>Il Cammino tra Fr\u00f2mista e Carri\u00f2n de los Condes corre sempre parallelo alla P-980 <\/b><span style=\"font-weight: 400;\">sotto forma di un sentiero di ghiaia, quindi possiamo scegliere se prenderlo o andare sulla strada. <\/span><b>Si tratta di 20 km in cui ogni 3,5 o 6 km c\u2019\u00e8 un centro abitato<\/b><span style=\"font-weight: 400;\"><strong>: Poblaci\u00f3n de Campos, Revenga de Campos, Villarmentero de Campos y Villalc\u00e1zar de Sirga.<\/strong> Poblaci\u00f2n de Campos, Revenga de Campos, Villarmentero de Campos e Villalc\u00e0zar de Sirga. Il tracciato \u00e8 in leggera salita per i primi 17 km e in lieve discesa, anche se quasi impercettibile, alla fine.<\/span><\/p>\n\n\n\n<p><span style=\"font-weight: 400;\">A Poblaci\u00f2n de Campos, prima di attraversare il ponte sul fiume Ucieza, c\u2019\u00e8 una deviazione che indica un percorso alternativo per Villarmentero che segue la riva nord del fiume. Se non prenderete la P-980 perch\u00e9 preferite i sentieri, questa potrebbe essere una buona opzione. E\u2019 un percorso pi\u00f9 tranquillo e ci sono meno pellegrini a piedi. <\/span><\/p>\n\n\n\n<figure class=\"wp-block-image aligncenter size-full\"><a href=\"https:\/\/www.tournride.com\/wp-content\/uploads\/2016\/12\/Foto-Flick-SENDERO-CON-P980-AL-LADO-HACIA-VILLALCAZAR-DE-SIRGA.jpg\"><img loading=\"lazy\" decoding=\"async\" width=\"2592\" height=\"1944\" src=\"https:\/\/www.tournride.com\/wp-content\/uploads\/2016\/12\/Foto-Flick-SENDERO-CON-P980-AL-LADO-HACIA-VILLALCAZAR-DE-SIRGA.jpg\" alt=\"Peregrina en el sendero hacia Villalcazar de Sirga\" class=\"wp-image-1471\" title=\"\" srcset=\"https:\/\/www.tournride.com\/wp-content\/uploads\/2016\/12\/Foto-Flick-SENDERO-CON-P980-AL-LADO-HACIA-VILLALCAZAR-DE-SIRGA.jpg 2592w, https:\/\/www.tournride.com\/wp-content\/uploads\/2016\/12\/Foto-Flick-SENDERO-CON-P980-AL-LADO-HACIA-VILLALCAZAR-DE-SIRGA-300x225.jpg 300w, https:\/\/www.tournride.com\/wp-content\/uploads\/2016\/12\/Foto-Flick-SENDERO-CON-P980-AL-LADO-HACIA-VILLALCAZAR-DE-SIRGA-768x576.jpg 768w, https:\/\/www.tournride.com\/wp-content\/uploads\/2016\/12\/Foto-Flick-SENDERO-CON-P980-AL-LADO-HACIA-VILLALCAZAR-DE-SIRGA-1024x768.jpg 1024w\" sizes=\"auto, (max-width: 2592px) 100vw, 2592px\" \/><\/a><figcaption class=\"wp-element-caption\">Sentiero verso Villalc\u00e0zar da Sirga (Fotografia ceduta da Jos\u00e9 Antonio Gil Mart\u00ecnez)<\/figcaption><\/figure>\n\n\n\n<p><b>In generale, la tappa 7 da Burgos a Carri\u00f2n de los Condes \u00e8 lunga ed \u00e8 caratterizzata da piste tra campi di cereali, che uniscono popolazioni separate da distanze tra i 5 e gli 11 km. L\u2019eccezione \u00e8 la parte finale, tra Fr\u00f2mista e Carri\u00f2n de los Condes, pi\u00f9 popolata e su strada locale.<\/b><span style=\"font-weight: 400;\"> Il profilo della tappa del Cammino di Santiago in bicicletta non presenta grandi complicazioni, tranne che nella salita e discesa all\u2019Alto de Mostelares, dove \u00e8 opportuno aumentare la precauzione.<\/span><\/p>\n\n\n<div class=\"tournride-cta-container\">\n            <a class=\"tournride-cta-button\" href=\"https:\/\/www.tournride.com\/it\/?lang=it&#038;utm_source=blog&#038;utm_medium=contenido_web&#038;utm_campaign=tappa-7-da-burgos-a-carrion-de-los-condes-cammino-in-bicicletta&#038;utm_content=it\">Prenota ora la tua bici!<\/a>\n        <\/div>\n\n\n\n<h2 class=\"wp-block-heading\" id=\"consigli-practici\"><b>CONSIGLI PRACTICI<\/b><\/h2>\n\n\n\n<ul class=\"wp-block-list\">\n<li><span style=\"font-weight: 400;\">Burgos \u00e8 il punto di incontro di diverse vie di comunicazione, quindi se il vostro percorso inizia da qui, non avrete problemi ad arrivarci. Vi offriamo alcune opzioni:<\/span><\/li>\n<\/ul>\n\n\n\n<ol class=\"wp-block-list\">\n<li><span style=\"font-weight: 400;\">Autobus: La stazione si trova <a aria-label=\"View the detailed map of the stage: TAPPA 7: DA BURGOS A CARRI\u00d3N DE LOS CONDES\" href=\"https:\/\/www.google.es\/maps\/place\/Estaci{f83b22b844ac07a43a3f1ef6a8e10c29cb09ae7d9fbb052eb44ad624a4f02ada}C3{f83b22b844ac07a43a3f1ef6a8e10c29cb09ae7d9fbb052eb44ad624a4f02ada}B3n+de+Autobuses\/@42.3382677,-3.7034604,677m\/data=!3m2!1e3!4b1!4m5!3m4!1s0xd45fcd5c3c11f79:0xff7de810bd921f6a!8m2!3d42.3382677!4d-3.7012717\" target=\"_blank\" rel=\"noopener noreferrer\">qui <\/a>&nbsp;<\/span><span style=\"font-weight: 400;\">e tutti i giorni ci sono collegamenti con le principali citt\u00e0 di Spagna. Tra le compagnie che offrono tratte dirette con la citt\u00e0 ci sono <a aria-label=\"Visit the Alsa website for more information\" href=\"https:\/\/www.alsa.es\/\" target=\"_blank\" rel=\"noopener noreferrer\">Alsa<\/a>&nbsp;e<a aria-label=\"Visit the Autobusesjimenez website for more information\" href=\"http:\/\/www.autobusesjimenez.com\/comprar-billetes\/\" target=\"_blank\" rel=\"noopener noreferrer\"> Autobuses Jim\u00e9nez<\/a>.<\/span><\/li>\n\n\n\n<li><span style=\"font-weight: 400;\">Treno: La stazione si trova <a aria-label=\"View the detailed map of the stage: TAPPA 7: DA BURGOS A CARRI\u00d3N DE LOS CONDES\" href=\"https:\/\/www.google.es\/maps\/place\/Burgos-Rosa+de+Lima\/@42.3382886,-3.7043362,1281m\/data=!3m1!1e3!4m8!1m2!2m1!1sestaci{f83b22b844ac07a43a3f1ef6a8e10c29cb09ae7d9fbb052eb44ad624a4f02ada}C3{f83b22b844ac07a43a3f1ef6a8e10c29cb09ae7d9fbb052eb44ad624a4f02ada}B3n+tren+burgos!3m4!1s0xd45fc813efc1105:0x1720f3991f550444!8m2!3d42.371197!4d-3.666308\" target=\"_blank\" rel=\"noopener noreferrer\">qu\u00ec<\/a> <\/span><span style=\"font-weight: 400;\"> e in modo diretto o indiretto collega Burgos con le principali citt\u00e0 spagnole. Per maggiori informazioni potete consultare la <a aria-label=\"Visit the Renfe website for more information\" href=\"http:\/\/www.renfe.com\/\" target=\"_blank\" rel=\"noopener noreferrer\">pagina di Renfe<\/a>.<\/span><\/li>\n\n\n\n<li><span style=\"font-weight: 400;\">Auto: Burgos ha buoni collegamenti con tutte le capitali circostanti e, da l\u00ec, con il resto della penisola iberica. Se nessun conoscente vi pu\u00f2 accompagnare, potete sempre far ricorso a piattaforme come <a aria-label=\"Visit the Blablacar website for more information\" href=\"https:\/\/www.blablacar.es\/\" target=\"_blank\" rel=\"noopener noreferrer\">Blablacar<\/a>.<\/span><\/li>\n<\/ol>\n\n\n\n<p><span style=\"font-weight: 400;\">Nonostante ci sia un aeroporto a Burgos, e di fatto il Cammino di Santiago Francese lo costeggi all\u2019entrata della citt\u00e0, come gi\u00e0 abbiamo visto nella <a aria-label=\"More information about:  Etapa 6 De Santo Domingo De La Calzada A Burgos\" href=\"https:\/\/www.tournride.com\/es\/etapa-6-de-santo-domingo-de-la-calzada-a-burgos\/\" target=\"_blank\" rel=\"noopener noreferrer\">tappa anteriore<\/a>, attualmente non ci sono voli commerciali disponibili. <\/span><\/p>\n\n\n\n<p><span style=\"font-weight: 400;\">Ricordate che noi di Tournride vi <\/span><a aria-label=\"More information about:  Alquiler Bicicletas Santiago De Compostela\" href=\"https:\/\/www.tournride.com\/es\/alquiler-bicicletas-santiago-de-compostela\/\"><span style=\"font-weight: 400;\">consegnamo le biciclette per il vostro Cammino di Santiago al vostro alloggio a Burgos se iniziate da l\u00ec <\/span><\/a><span style=\"font-weight: 400;\">&nbsp;e possiamo anche farci carico del vostro <\/span><a aria-label=\"More information about:  Condiciones Para La Transferencia De Equipaje A Santiago\" href=\"https:\/\/www.tournride.com\/es\/gestion-de-reservas\/condiciones-para-la-transferencia-de-equipaje-a-santiago\/\" target=\"_blank\" rel=\"noopener noreferrer\"><span style=\"font-weight: 400;\">equipaggio in pi\u00f9 e portarlo per voi al punto in cui terminerete il cammino.<\/span><\/a><span style=\"font-weight: 400;\">.<\/span><\/p>\n\n\n\n<ul class=\"wp-block-list\">\n<li><span style=\"font-weight: 400;\">Fate sempre<strong> attenzione alle distanze tra le zone abitate, soprattutto in estate.<\/strong> Undici km possono essere molto lunghi se non siamo ben riforniti di acqua o di cibo. <\/span><\/li>\n\n\n\n<li><span style=\"font-weight: 400;\"><strong>Evitare in estate di pedalare durante le ore centrali della giornata<\/strong> dato che ci sono tratti chilometrici senza un poco di ombra per ripararsi dal sole.<\/span><\/li>\n<\/ul>\n\n\n\n<h2 class=\"wp-block-heading\" id=\"itinerario-dettagliato-e-patrimonio-storico-artistico\"><b>ITINERARIO DETTAGLIATO E <\/b><b>PATRIMONIO STORICO-ARTISTICO<\/b><\/h2>\n\n\n\n<p><span style=\"font-weight: 400;\">In questa tappa <strong>ci addentreremo completamente nei campi della Castiglia.<\/strong>. Il loro colore dorato tinger\u00e0 il cammino tra gli scorci delle diverse cittadine che, molte volte, offrono un patrimonio che ci stupir\u00e0. Scopriremo piccole e gradevoli cittadine come, tra le altre, Castrojeriz, Fr\u00f2mista e Carri\u00f2n de los Condes, che hanno molto da offrire a livello culturale. <\/span><\/p>\n\n\n\n<p><span style=\"font-weight: 400;\">Inoltre per\u00f2, durante il cammino troveremo luoghi tanto impressionanti come le rovine del convento di San Ant\u00f2n o gli scorci che ci offrir\u00e0 il passo di Mostelares.<\/span><\/p>\n\n\n\n<figure class=\"wp-block-image aligncenter size-full\"><a href=\"https:\/\/www.tournride.com\/wp-content\/uploads\/2016\/12\/Foto-Flick-PANOR\u00c1MICA-DESDE-EL-ALTO-DE-MOSTELARES.jpg\"><img loading=\"lazy\" decoding=\"async\" width=\"4832\" height=\"1296\" src=\"https:\/\/www.tournride.com\/wp-content\/uploads\/2016\/12\/Foto-Flick-PANOR\u00c1MICA-DESDE-EL-ALTO-DE-MOSTELARES.jpg\" alt=\"Panor\u00e1mica desde el alto de los Mostelares con campo llano al fondo\" class=\"wp-image-1472\" title=\"\" srcset=\"https:\/\/www.tournride.com\/wp-content\/uploads\/2016\/12\/Foto-Flick-PANOR\u00c1MICA-DESDE-EL-ALTO-DE-MOSTELARES.jpg 4832w, https:\/\/www.tournride.com\/wp-content\/uploads\/2016\/12\/Foto-Flick-PANOR\u00c1MICA-DESDE-EL-ALTO-DE-MOSTELARES-300x80.jpg 300w, https:\/\/www.tournride.com\/wp-content\/uploads\/2016\/12\/Foto-Flick-PANOR\u00c1MICA-DESDE-EL-ALTO-DE-MOSTELARES-768x206.jpg 768w, https:\/\/www.tournride.com\/wp-content\/uploads\/2016\/12\/Foto-Flick-PANOR\u00c1MICA-DESDE-EL-ALTO-DE-MOSTELARES-1024x275.jpg 1024w\" sizes=\"auto, (max-width: 4832px) 100vw, 4832px\" \/><\/a><figcaption class=\"wp-element-caption\">Panoramica dall\u2019alto di Mostelares (Fotografia ceduta da total 13)<\/figcaption><\/figure>\n\n\n\n<h3 class=\"wp-block-heading\" id=\"usciamo-da-burgos-e-attraversiamo-le-campagne-fino-a-cadere-ad-hontanas\"><b>USCIAMO DA BURGOS E ATTRAVERSIAMO LE CAMPAGNE FINO A \u201cCADERE\u201d AD HONTANAS<\/b><\/h3>\n\n\n\n<p><span style=\"font-weight: 400;\">Noi di Tournride sappiamo bene che <\/span><b>l\u2019uscita dalle grandi citt\u00e0 pu\u00f2 risultare confusa per i pellegrini in bici<\/b><span style=\"font-weight: 400;\">, , dato che a volte i segnali sono un poco nascosti. Nella mappa trovate il tracciato, che qui vi descriviamo in dettaglio.<\/span><\/p>\n\n\n\n<p><span style=\"font-weight: 400;\">Ponendo come punto di partenza l\u2019ostello municipale, bisogna proseguire su calle Fern\u00e0n Gonz\u00e0lez lasciando la cattedrale alla nostra sinistra. <strong>Arriviamo cos\u00ec all\u2019Arco di San Mart\u00ecn.<\/strong> Questo arco ha forma di ferro di cavallo ed \u00e8 fatto di mattoni, perch\u00e9 costruito nel S. XIV da architetti moreschi, cio\u00e8 cristiani che vissero in territorio musulmano.<\/span><\/p>\n\n\n\n<figure class=\"wp-block-image aligncenter size-full\"><a href=\"https:\/\/www.tournride.com\/wp-content\/uploads\/2016\/12\/10931076633_b2b768db39_b.jpg\"><img loading=\"lazy\" decoding=\"async\" width=\"1024\" height=\"680\" src=\"https:\/\/www.tournride.com\/wp-content\/uploads\/2016\/12\/10931076633_b2b768db39_b.jpg\" alt=\"Arco de San Mart\u00edn hecho con piedra\" class=\"wp-image-1473\" title=\"\" srcset=\"https:\/\/www.tournride.com\/wp-content\/uploads\/2016\/12\/10931076633_b2b768db39_b.jpg 1024w, https:\/\/www.tournride.com\/wp-content\/uploads\/2016\/12\/10931076633_b2b768db39_b-300x199.jpg 300w, https:\/\/www.tournride.com\/wp-content\/uploads\/2016\/12\/10931076633_b2b768db39_b-768x510.jpg 768w\" sizes=\"auto, (max-width: 1024px) 100vw, 1024px\" \/><\/a><figcaption class=\"wp-element-caption\">Arco di San Mart\u00ecn (Fotografia ceduta da Salvador G. de Miguel)<\/figcaption><\/figure>\n\n\n\n<p><span style=\"font-weight: 400;\"><strong>Attraversato l\u2019Arco di San Mart\u00ecn, le frecce indicano di scendere le scale che ci troviamo alla nostra sinistra, ma per noi \u00e8 molto meglio proseguire dritto e girare dopo 60 m, evitando cos\u00ec gli scalini.<\/strong> Prendiamo calle Emperador, che girando a sinistra diventa calle Villal\u00f2n e ci porta ad attraversare l\u2019Arlanz\u00f2n. Il ponte di pietra che ci permette di passare il fiume si chiama \u201cdei malati\u201d perch\u00e9 anticamente aveva accanto un ospedale di lebbrosi. <\/span><\/p>\n\n\n\n<p><span style=\"font-weight: 400;\">Dopo averlo superato<strong> entriamo nell\u2019area del Parco del Parral e del campus Universitario<\/strong>. Anche se le frecce indicano il cammino centrale del parco, per noi \u00e8 molto pi\u00f9 comodo<strong> andare per la pista ciclabile che corre parallela alla N-120<\/strong>. Possiamo seguirla per 1,5 km, superando le tre rotonde in linea retta.<\/span><\/p>\n\n\n\n<p><span style=\"font-weight: 400;\">Quando la N120 gira a sinistra, ci viene indicato l\u2019attraversamento pedonale verso destra per continuare su calle Benito P\u00e9rez Gald\u00f2s. Nonostante non sia il cammino tradizionale, <\/span><b>sappiate che la N-120 vi porter\u00e0 direttamente a Tardajos<\/b><span style=\"font-weight: 400;\">, prima cittadina della tappa. La distanza da percorrere \u00e8 la stessa (7,5 km), ma senza incroci o deviazioni.<\/span><\/p>\n\n\n\n<p><span style=\"font-weight: 400;\">Se preferite andare per il tracciato originale del cammino, proseguite su calle de Gald\u00f2s fino a che diventa un sentiero di terra e asfalto e ci porta ad attraversare la ferrovia, la BU600 e l\u2019autostrada. Il tratto finale coincide con la N-120 e ci lascia a Tardajos.<\/span><\/p>\n\n\n\n<p><span style=\"font-weight: 400;\"><strong>Tardajos e Rab\u00e9 de las Calzadas sono uniti da una pista asfaltata lunga appena 1,5 km<\/strong>. Entrambe le localit\u00e0 hanno un passato romano e, di fatto, sono situate in un punto strategico dove confluivano diverse strade (\u201cCalzadas\u201d), tra cui la \u201cV\u00eca Quinta\u201d che univa Clunia -nel sud di Burgos- con Sahag\u00fan. Il nome di Rab\u00e9 \u201cde las Calzadas\u201d deriva da questo.<\/span><\/p>\n\n\n\n<p><span style=\"font-weight: 400;\">Il fiume Urbel corre verticalmente tra le due cittadine e nel Medio Evo esondava frequentemente. Questo danneggiava molto il cammino tra le due localit\u00e0 e indeboliva le comunicazioni, e fin\u00ec per generare questo detto: <strong>\u201c<\/strong><\/span><strong><i> \u201cDa Rab\u00e9 a Tardajos non mancheranno le fatiche; da Tardajos a Rab\u00e9, liberaci Signore\u201d.<\/i><\/strong><span style=\"font-weight: 400;\"><strong>\u201d<\/strong>. Non preoccupatevi, al giorno d\u2019oggi il cammino \u00e8 molto pi\u00f9 leggero!<\/span><\/p>\n\n\n\n<p><span style=\"font-weight: 400;\">Nel Medio Evo, Rab\u00e9 de las Calzadas raggiunse un lustro maggiore di Tardajos, nonostante Tardajos avesse anche un ospedale per i pellegrini. Del castello e delle tre chiese che c\u2019erano l\u00ec, oggi rimane molto poco e l\u2019aspetto pi\u00f9 caratteristico del posto \u00e8 il palazzo di Villariezo -che vediamo all\u2019entrata del paese-, del S. XVII.<br><\/span><\/p>\n\n\n\n<figure class=\"wp-block-image aligncenter size-full\"><a href=\"https:\/\/www.tournride.com\/wp-content\/uploads\/2016\/12\/Foto-Flick-RAB\u00c9-DE-LAS-CALZADAS.jpg\"><img loading=\"lazy\" decoding=\"async\" width=\"2592\" height=\"1944\" src=\"https:\/\/www.tournride.com\/wp-content\/uploads\/2016\/12\/Foto-Flick-RAB\u00c9-DE-LAS-CALZADAS.jpg\" alt=\"Rab\u00e9 de las Calzadas con casas de piedra y un jard\u00edn\" class=\"wp-image-1474\" title=\"\" srcset=\"https:\/\/www.tournride.com\/wp-content\/uploads\/2016\/12\/Foto-Flick-RAB\u00c9-DE-LAS-CALZADAS.jpg 2592w, https:\/\/www.tournride.com\/wp-content\/uploads\/2016\/12\/Foto-Flick-RAB\u00c9-DE-LAS-CALZADAS-300x225.jpg 300w, https:\/\/www.tournride.com\/wp-content\/uploads\/2016\/12\/Foto-Flick-RAB\u00c9-DE-LAS-CALZADAS-768x576.jpg 768w, https:\/\/www.tournride.com\/wp-content\/uploads\/2016\/12\/Foto-Flick-RAB\u00c9-DE-LAS-CALZADAS-1024x768.jpg 1024w\" sizes=\"auto, (max-width: 2592px) 100vw, 2592px\" \/><\/a><figcaption class=\"wp-element-caption\">Rab\u00e9 de las Calzadas (Fotografia ceduta da total 13)<\/figcaption><\/figure>\n\n\n\n<p><b>Da Rab\u00e9 a Hornillos ci sono 8 km che dovremo percorrere su un sentiero di terra tra i campi<\/b><span style=\"font-weight: 400;\">. La prima met\u00e0 \u00e8 in costante salita e, arrivando in cima, vedremo una discesa in costa fino a Hornillos, che si trova in una valle. Per i pellegrini a piedi la discesa \u00e8 dura, soprattutto con il carico pesante, il tratto \u00e8 lungo \u2013 di fatto \u00e8 noto come \u201cMatamulos\u201d-, ma in bicicletta questo tratto del Cammino di Santiago non presenta difficolt\u00e0.<\/span><\/p>\n\n\n\n<figure class=\"wp-block-image aligncenter size-full\"><a href=\"https:\/\/www.tournride.com\/wp-content\/uploads\/2016\/12\/Foto-Flick-BAJADA-A-HORNILLOS.jpg\"><img loading=\"lazy\" decoding=\"async\" width=\"3648\" height=\"2736\" src=\"https:\/\/www.tournride.com\/wp-content\/uploads\/2016\/12\/Foto-Flick-BAJADA-A-HORNILLOS.jpg\" alt=\"Bajada a Hornillos por un sendero estrecho con campo verde alrededor\" class=\"wp-image-1475\" title=\"\" srcset=\"https:\/\/www.tournride.com\/wp-content\/uploads\/2016\/12\/Foto-Flick-BAJADA-A-HORNILLOS.jpg 3648w, https:\/\/www.tournride.com\/wp-content\/uploads\/2016\/12\/Foto-Flick-BAJADA-A-HORNILLOS-300x225.jpg 300w, https:\/\/www.tournride.com\/wp-content\/uploads\/2016\/12\/Foto-Flick-BAJADA-A-HORNILLOS-768x576.jpg 768w, https:\/\/www.tournride.com\/wp-content\/uploads\/2016\/12\/Foto-Flick-BAJADA-A-HORNILLOS-1024x768.jpg 1024w\" sizes=\"auto, (max-width: 3648px) 100vw, 3648px\" \/><\/a><figcaption class=\"wp-element-caption\">Discesa verso Hornillos (Fotografia ceduta da A. Herrero)<\/figcaption><\/figure>\n\n\n\n<p><span style=\"font-weight: 400;\">Arriviamo cos\u00ec al <\/span><b>nostro km 21 della tappa, Hornillos del Cammino, con la sua tipica urbanizzazione giacobina<\/b><span style=\"font-weight: 400;\">. La sua via principale coincide con il Cammino Francese e va esattamente da est a ovest. Oggi offre ogni tipo di servizio, e come avviene normalmente in questo tipo di localit\u00e0, la sua chiesa spicca per altezza e dimensioni tra le piccole case a due piani. Originariamente c\u2019era un ospedale per pellegrini che fu fondato dal re nel S. XII. In seguito, il monarca cedette l\u2019intera cittadina ad un monastero benedettino francese. <\/span><\/p>\n\n\n\n<p><b>Uscendo da Hornillos dobbiamo percorrere 11 km su un sentiero tra i campi, in leggera pendenza durante i primi 4 km e poi praticamente in piano fino ad arrivare alla valle di San Bol.<\/b><span style=\"font-weight: 400;\"> Al km 6, c\u2019\u00e8 una deviazione segnalata a sinistra per il rifugio e ostello di San Bol. Visto il deserto di questa pianura, questo \u00e8 un posto importante per i pellegrini a piedi che escono da Burgos e arrivano esausti a questo punto e quindi necessitano un punto di ristoro. <\/span><\/p>\n\n\n\n<p><span style=\"font-weight: 400;\"><strong>Hontanas si trova ad una quota pi\u00f9 bassa, quindi non si vede da lontano. Quando ci arriveremo, una rampa di 200 metri ci lascier\u00e0 nel centrocitt\u00e0.<\/strong> La toponomastica della localit\u00e0 proviene dalle antiche sorgenti (\u201c<\/span><i><span style=\"font-weight: 400;\">fontanas<\/span><\/i><span style=\"font-weight: 400;\">\u201d) che c\u2019erano qui e che diventavano vere e proprie oasi di pace per i pellegrini medievali, dopo aver attraversato la precedente pianura senza ombra. Oggi offre tutti i servizi che i moderni viandanti possono necessitare.<\/span><\/p>\n\n\n\n<figure class=\"wp-block-image aligncenter size-full\"><a href=\"https:\/\/www.tournride.com\/wp-content\/uploads\/2016\/12\/Foto-Flick-BAJADA-A-HONTANAS-1.jpg\"><img loading=\"lazy\" decoding=\"async\" width=\"2592\" height=\"3888\" src=\"https:\/\/www.tournride.com\/wp-content\/uploads\/2016\/12\/Foto-Flick-BAJADA-A-HONTANAS-1.jpg\" alt=\"Bajada a Hontanas por un peque\u00f1o camino con el pueblo al fondo\" class=\"wp-image-1477\" title=\"\" srcset=\"https:\/\/www.tournride.com\/wp-content\/uploads\/2016\/12\/Foto-Flick-BAJADA-A-HONTANAS-1.jpg 2592w, https:\/\/www.tournride.com\/wp-content\/uploads\/2016\/12\/Foto-Flick-BAJADA-A-HONTANAS-1-200x300.jpg 200w, https:\/\/www.tournride.com\/wp-content\/uploads\/2016\/12\/Foto-Flick-BAJADA-A-HONTANAS-1-768x1152.jpg 768w, https:\/\/www.tournride.com\/wp-content\/uploads\/2016\/12\/Foto-Flick-BAJADA-A-HONTANAS-1-683x1024.jpg 683w\" sizes=\"auto, (max-width: 2592px) 100vw, 2592px\" \/><\/a><figcaption class=\"wp-element-caption\">Discesa verso Hontanas (Fotografia ceduta da Hans-Jakob Weinz)<\/figcaption><\/figure>\n\n\n\n<p><span style=\"font-weight: 400;\">Prima di scendere in citt\u00e0, alla nostra destra vedremo un\u2019area picnic accanto ad un piccolo eremo. Qui \u00e8 custodita un\u2019immagine di Santa Br\u00ecgida, una donna svedese nata da una familia di alto lignaggio all\u2019inizio del S. XIV che ebbe visioni religiose fin da piccola e che intraprese il pellegrinaggio verso Santiago de Compostela, oltre che verso altre mete come la Terra Santa.<\/span><\/p>\n\n\n\n<p><span style=\"font-weight: 400;\">All\u2019interno della cittadina, <strong>attirer\u00e0 la nostra attenzione la chiesa che si trova nel centro<\/strong>, con una torre che supera in altezza tutte le altre costruzioni. Il tempio \u00e8 dedicato all\u2019Immacolata Concezione e ha un\u2019origine gotica (S. XIV), anche se fu riabilitato successivamente nel S. XVIII, e quindi ha aspetto neoclassico. Questo si nota, per esempio, nell\u2019uso di elementi classici per decorare la torre: archi a tutto sesto e frontoni (finiture a forma di triangolo).<\/span><\/p>\n\n\n\n<h3 class=\"wp-block-heading\" id=\"respiriamo-la-magia-del-convento-di-san-anton-e-arriviamo-a-castrojeriz-ultima-localita-burgolese\"><b>RESPIRIAMO LA MAGIA DEL CONVENTO DI SAN ANT\u00d2N E ARRIVIAMO A CASTROJERIZ, ULTIMA LOCALITA\u2019 BURGOLESE<\/b><\/h3>\n\n\n\n<p><span style=\"font-weight: 400;\">All\u2019uscita di Hontanas le frecce indicano di attraversare la strada per prendere un sentiero che prosegue sul lato della collina e che in 4 km ci riporta nuovamente sulla strada. Dato che il sentiero \u00e8 stretto e non ha nessun tipo di protezione, per evitare di cadere dalla collina, <\/span><b>raccomandiamo evitare le frecce all\u2019uscita di Hontanas e, invece che attraversare, proseguire sulla strada fino a Castrojeriz<\/b><span style=\"font-weight: 400;\">. Questo per precauzione visto che \u00e8 una strada stretta e a doppio senso che, alla fine, dovremo condividere con i pellegrini a piedi. <\/span><\/p>\n\n\n\n<p><span style=\"font-weight: 400;\">Sei km e mezzo dopo l\u2019uscita da Hontanas troveremo le <\/span><b>impressionanti rovine del monastero di San Ant\u00f2n. Tournride vi consiglia di fermarvi per entrare nel monastero<\/b><span style=\"font-weight: 400;\">, uno dei luoghi pi\u00f9 enigmatici e spirituali del Cammino Francese.<\/span><\/p>\n\n\n\n<p><span style=\"font-weight: 400;\">Il primo aspetto che richiama l\u2019attenzione \u00e8 che la strada stessa passa sotto un imponente portico, formato da due grandi archi ogivali con contrafforti, che delimitano la facciata nord dell\u2019antica chiesa. Il portone strombato ospita 6 archivolti ricchi di sculture, che sorprendono per il loro ottimo stato di conservazione. Sulla destra, fronte alla facciata, ci sono due nicchie nel muro. In realt\u00e0 si trattava di dispense che venivano usate dai monaci per lasciare pane e vino per i pellegrini, giacch\u00e8 questa localit\u00e0 era focalizzata sin dalla sua fondazione al servizio dei viandanti.<\/span><\/p>\n\n\n\n<figure class=\"wp-block-image alignleft\"><a href=\"https:\/\/www.tournride.com\/wp-content\/uploads\/2016\/12\/san-anton_-werner_3.jpg\"><img loading=\"lazy\" decoding=\"async\" width=\"300\" height=\"225\" src=\"https:\/\/www.tournride.com\/wp-content\/uploads\/2016\/12\/san-anton_-werner_3-300x225.jpg\" alt=\"P\u00f3rtico del antiguo monasterio de San Ant\u00f3n por el que pasa el Camino de Santiago a trav\u00e9s de \u00e9l\" class=\"wp-image-1530\" title=\"\" srcset=\"https:\/\/www.tournride.com\/wp-content\/uploads\/2016\/12\/san-anton_-werner_3-300x225.jpg 300w, https:\/\/www.tournride.com\/wp-content\/uploads\/2016\/12\/san-anton_-werner_3-768x576.jpg 768w, https:\/\/www.tournride.com\/wp-content\/uploads\/2016\/12\/san-anton_-werner_3.jpg 1024w\" sizes=\"auto, (max-width: 300px) 100vw, 300px\" \/><\/a><figcaption class=\"wp-element-caption\">Portico dell\u2019antico monastero di San Ant\u00f2n, con sotto la strada su cui corre il cammino (Fotografia ceduta da Werner)<\/figcaption><\/figure>\n\n\n\n<p><strong>Il convento fu fondato nel S. XII, anche se i resti che vediamo oggi sono gotici (S. XIV), da qui l\u2019uso dell\u2019arco a ogiva<\/strong>. Nella Penisola Iberica, fu un centro molto importante per l\u2019ordine di San Antonio fino a che nel S. XVIII il re Carlos III deleg\u00f2 la sua gestione all\u2019ambito privato. Dalla confisca di Mendiz\u00e0bal nel S. XIX, la localit\u00e0 venne abbandonata e da quel momento inizi\u00f2 il suo declino, anche se le buone finiture con cui \u00e8 stato realizzato hanno impedito che collassasse del tutto. <strong>Nel 2002 inizi\u00f2 un progetto di riabilitazione per la cura dei pellegrini e oggi \u00e8 possibile dormirci, con gli stessi principi fondamentali che gli antoniani seguivano gi\u00e0 da mille anni: gratuit\u00e0 e austerit\u00e0.<\/strong><\/p>\n\n\n\n<p><strong>Se si costeggia l\u2019edificio si pu\u00f2 entrare nella chiesa, oggi senza copertura, per il lato sud.<\/strong> Osservando la struttura potremo distinguere che \u00e8 disposta su tre navate. Il muro dell\u2019abside \u00e8 abbastanza ben conservato, con grandi contrafforti che appoggiano sull\u2019esterno e trafori nella parte superiore delle finestre.<\/p>\n\n\n\n<figure class=\"wp-block-image aligncenter size-full\"><a href=\"https:\/\/www.tournride.com\/wp-content\/uploads\/2016\/12\/Convento_de_San_Ant\u00f3n.jpg\"><img loading=\"lazy\" decoding=\"async\" width=\"2592\" height=\"1944\" src=\"https:\/\/www.tournride.com\/wp-content\/uploads\/2016\/12\/Convento_de_San_Ant\u00f3n.jpg\" alt=\"Convento de San Ant\u00f3n hecho de piedra en ruinas\" class=\"wp-image-1478\" title=\"\" srcset=\"https:\/\/www.tournride.com\/wp-content\/uploads\/2016\/12\/Convento_de_San_Ant\u00f3n.jpg 2592w, https:\/\/www.tournride.com\/wp-content\/uploads\/2016\/12\/Convento_de_San_Ant\u00f3n-300x225.jpg 300w, https:\/\/www.tournride.com\/wp-content\/uploads\/2016\/12\/Convento_de_San_Ant\u00f3n-768x576.jpg 768w, https:\/\/www.tournride.com\/wp-content\/uploads\/2016\/12\/Convento_de_San_Ant\u00f3n-1024x768.jpg 1024w\" sizes=\"auto, (max-width: 2592px) 100vw, 2592px\" \/><\/a><figcaption class=\"wp-element-caption\">Convento di San Ant\u00f2n (Fotografia ceduta da Jos\u00e9 Antonio Gil Mart\u00ecnez)<\/figcaption><\/figure>\n\n\n\n<p><span style=\"font-weight: 400;\">In questa chiesa, oltre alla cura per il pellegrino, si portava avanti una delle pratiche che rappresentano la ragion d\u2019essere dell\u2019ordine antonino: la <\/span><b>cura del \u201c<\/b><b><i>fuoco sacro<\/i><\/b><b>\u201d<\/b><span style=\"font-weight: 400;\">. Questo male si conosceva anche come \u201cfuoco sacro\u201d ed era una condizione molto diffusa nel Medio Evo: causava la perdida delle estremit\u00e0 dopo aver sofferto dolori fortissimi. Oggi sappiamo che questa malattia era causata da un fungo parassita della segale e che per questo era molto comune, dato che questo cereale era uno dei principali alimenti della popolazione. Curiosamente, <strong>i monaci antonini riuscirono a scoprire l\u2019origine e la cura di questa malattia secoli prima della scienza, usando grano e piante<\/strong>. Custodirono in segreto queste informazioni e, per questo, erano gli unici capaci di curarla. Tanto che il Fuoco Sacro inizi\u00f2 ad essere conosciuto anche come <strong>\u201cfuoco di Sant\u2019Antonio\u201d<\/strong> e, di fatto, molti infermi di questo male intraprendevano il cammino di Santiago solo per passare da questo monastero e curarsi. &nbsp;<\/span><\/p>\n\n\n\n<p><span style=\"font-weight: 400;\">Dopo questa visita <strong>proseguiamo sulla strada per Castrojeriz<\/strong>, che vedremo all\u2019orizzonte, nella parte bassa del fianco di una collina, sulla cui cima si trova un antico castello. Questo \u00e8 un buon posto per fermarsi: \u00e8 quasi a met\u00e0 della tappa (41 km), offre ogni servizio ed uno dei posti pi\u00f9 piacevoli che visiteremo oggi. <\/span><\/p>\n\n\n\n<figure class=\"wp-block-image aligncenter size-full\"><a href=\"https:\/\/www.tournride.com\/wp-content\/uploads\/2016\/12\/Castrojeriz16.jpg\"><img loading=\"lazy\" decoding=\"async\" width=\"1024\" height=\"683\" src=\"https:\/\/www.tournride.com\/wp-content\/uploads\/2016\/12\/Castrojeriz16.jpg\" alt=\"Pueblo de Castrojeriz con una enorme colina al fondo\" class=\"wp-image-1479\" title=\"\" srcset=\"https:\/\/www.tournride.com\/wp-content\/uploads\/2016\/12\/Castrojeriz16.jpg 1024w, https:\/\/www.tournride.com\/wp-content\/uploads\/2016\/12\/Castrojeriz16-300x200.jpg 300w, https:\/\/www.tournride.com\/wp-content\/uploads\/2016\/12\/Castrojeriz16-768x512.jpg 768w\" sizes=\"auto, (max-width: 1024px) 100vw, 1024px\" \/><\/a><figcaption class=\"wp-element-caption\">Castrojeriz<\/figcaption><\/figure>\n\n\n\n<p><span style=\"font-weight: 400;\"><strong>Dopo Burgos, questa \u00e8 la seconda localit\u00e0 burgolese pi\u00f9 grande del Cammino Francese e anche l\u2019ultima per cui passeremo in questa provincia<\/strong>. Storicamente, ha rivestito molta importanza e sulla sommit\u00e0 del rilievo dov\u2019\u00e8 posizionata ci sono resti archeologici che risalgono al 1500 a.C, cos\u00ec come romani e visigoti: furono questi ultimi che costruirono l\u00ec un castello.<\/span><\/p>\n\n\n\n<p><span style=\"font-weight: 400;\">Ad ogni modo,<strong> quando inizi\u00f2 realmente ad acquisire importanza fu dopo la Ripopolazione<\/strong>. Dopo due attacchi da parte degli arabi nei S. VIII e IX che distrussero le fortezze cristiane che si trovavano l\u00ec, questa localit\u00e0 fu riconquistata e divenne un punto strategico per controllare tutto il territorio fino al Duero. Per questo, era di vitale importanza ripopolare la zona. <\/span><\/p>\n\n\n\n<p><span style=\"font-weight: 400;\">Per questo, <strong>a Castrojeriz fu garantito uno dei decreti pi\u00fa importanti della Castiglia, che oggi rappresenta un interessante documento sociologico.<\/strong>. Nella <a aria-label=\"More information about:  Etapa 6 De Santo Domingo De La Calzada A Burgos\" href=\"https:\/\/www.tournride.com\/es\/etapa-6-de-santo-domingo-de-la-calzada-a-burgos\/\" target=\"_blank\" rel=\"noopener noreferrer\">tappa anteriore abbiamo visto come a Burgos<\/a> fu concesso un privilegio per cui chi arava per primo un terreno ne acquisiva la propriet\u00e0 \u2013 diventando di fatto un contadino libero. Qui invece veniva data l\u2019opportunit\u00e0 ai contadini di conquistare una \u201cseconda nobilt\u00e0\u201d. L\u2019unico requisito richiesto era che si procurassero un cavallo e andassero in guerra, diventando cos\u00ec cavalieri. Venivano chiamati \u201ccavalleria villana\u201d o \u201cinfanzon\u00eca\u201d e avevano accesso ad una serie di privilegi giuridici e fiscali.<\/span><\/p>\n\n\n\n<figure class=\"wp-block-image aligncenter size-full\"><a href=\"https:\/\/www.tournride.com\/wp-content\/uploads\/2016\/12\/Monumento_a_la_concesi\u00f3n_del_Fuero_a_Castrojeriz.jpg\"><img loading=\"lazy\" decoding=\"async\" width=\"3264\" height=\"2448\" src=\"https:\/\/www.tournride.com\/wp-content\/uploads\/2016\/12\/Monumento_a_la_concesi\u00f3n_del_Fuero_a_Castrojeriz.jpg\" alt=\"Monumento a la concesi\u00f3n del Fuero con tumbas con flores\" class=\"wp-image-1480\" title=\"\" srcset=\"https:\/\/www.tournride.com\/wp-content\/uploads\/2016\/12\/Monumento_a_la_concesi\u00f3n_del_Fuero_a_Castrojeriz.jpg 3264w, https:\/\/www.tournride.com\/wp-content\/uploads\/2016\/12\/Monumento_a_la_concesi\u00f3n_del_Fuero_a_Castrojeriz-300x225.jpg 300w, https:\/\/www.tournride.com\/wp-content\/uploads\/2016\/12\/Monumento_a_la_concesi\u00f3n_del_Fuero_a_Castrojeriz-768x576.jpg 768w, https:\/\/www.tournride.com\/wp-content\/uploads\/2016\/12\/Monumento_a_la_concesi\u00f3n_del_Fuero_a_Castrojeriz-1024x768.jpg 1024w\" sizes=\"auto, (max-width: 3264px) 100vw, 3264px\" \/><\/a><figcaption class=\"wp-element-caption\">Monumento alla concessione del Decreto (Fotografia ceduta da Lancastermerrin88)<\/figcaption><\/figure>\n\n\n\n<p><span style=\"font-weight: 400;\">In una societ\u00e0 tanto gerarchizzata come quella medievale, il fatto che fossero promulgati privilegi come questi era sintomo della tensione generata da secoli di lotte tra cristiani e arabi. Fa anche pensare al livello di violenza che doveva essersi instaurato nella societ\u00e0, se un qualunque contadino a cavallo venive considerato adatto alla guerra.<\/span><\/p>\n\n\n\n<p><span style=\"font-weight: 400;\">Oggi giorno, Castrojeriz \u00e8 una cittadina che ha molto da offrire. Per prima cosa incontriamo, prima della collina, una splendida chiesa con un grande rosone sulla sua facciata occidentale. <\/span><\/p>\n\n\n\n<p><span style=\"font-weight: 400;\">Si tratta <strong>dell\u2019ex collegiata di Santa Maria del Melo.<\/strong>. La sua costruzione inizi\u00f2 nel S. XIII, nel momento del romanico, ma nel XV le sue coperture furono sostituite con altre in stile gotico e nel XVII fu ampliata.<strong> Al suo interno, si trova una figura gotica della Vergine che fu trovata, secondo la leggenda, dentro al tronco di un grande albero di mele a Castrojeriz<\/strong>.<br>L\u00ec si costru\u00ec un eremo che fu via via ampliato fino a diventare il tempio che vediamo al giorno d\u2019oggi, dove la scultura si guadagn\u00f2 la fama di compiere miracoli. Era tanto conosciuta che Alfonso X \u201cil Saggio\u201d, narr\u00f2 alcuni di questi miracoli nei suoi \u201ccantici\u201d (poemi) dedicati alla Vergine.<\/span><\/p>\n\n\n\n<figure class=\"wp-block-image size-full\"><a href=\"https:\/\/www.tournride.com\/wp-content\/uploads\/2016\/12\/Colegiata_de_Santa_Mar\u00eda_del_Manzano_1604257872.jpg\"><img loading=\"lazy\" decoding=\"async\" width=\"2048\" height=\"1532\" src=\"https:\/\/www.tournride.com\/wp-content\/uploads\/2016\/12\/Colegiata_de_Santa_Mar\u00eda_del_Manzano_1604257872.jpg\" alt=\"Colegiata de Santa Mar\u00eda del Manzano\" class=\"wp-image-1481\" title=\"\" srcset=\"https:\/\/www.tournride.com\/wp-content\/uploads\/2016\/12\/Colegiata_de_Santa_Mar\u00eda_del_Manzano_1604257872.jpg 2048w, https:\/\/www.tournride.com\/wp-content\/uploads\/2016\/12\/Colegiata_de_Santa_Mar\u00eda_del_Manzano_1604257872-300x224.jpg 300w, https:\/\/www.tournride.com\/wp-content\/uploads\/2016\/12\/Colegiata_de_Santa_Mar\u00eda_del_Manzano_1604257872-768x575.jpg 768w, https:\/\/www.tournride.com\/wp-content\/uploads\/2016\/12\/Colegiata_de_Santa_Mar\u00eda_del_Manzano_1604257872-1024x766.jpg 1024w\" sizes=\"auto, (max-width: 2048px) 100vw, 2048px\" \/><\/a><figcaption class=\"wp-element-caption\">Collegiata di Santa Maria del Melo (Fotografia ceduta da Jos\u00e9 Antonio Gil Mart\u00ednez)<\/figcaption><\/figure>\n\n\n\n<p><span style=\"font-weight: 400;\">Le strade a Castrojeriz sono disposte in modo parallelo tra di loro, sul fianco della collina e sono unite perpendicolarmente da scale. Per questo, <strong>ai ciclisti raccomandiamo di seguire la grande strada centrale, pedonale,<\/strong> che comunque vi porter\u00e0 a passare per la maggior parte dei luoghi di interesse.<\/span><\/p>\n\n\n\n<p><b>Incontrerete prima la chiesa di Santo Domingo <\/b><span style=\"font-weight: 400;\">\u2013il tempio \u00e8 gotico, anche se non semba a causa della torre plateresca del S. XVI-, <\/span><b>poi l\u2019ampia e porticata Piazza Maggiore e, alla fine, la chiesa di San Juan<\/b><span style=\"font-weight: 400;\">.<\/span><\/p>\n\n\n\n<figure class=\"wp-block-image aligncenter size-full\"><a href=\"https:\/\/www.tournride.com\/wp-content\/uploads\/2016\/12\/Plaza_mayor_de_Castrojeriz-2.jpg\"><img loading=\"lazy\" decoding=\"async\" width=\"3264\" height=\"2448\" src=\"https:\/\/www.tournride.com\/wp-content\/uploads\/2016\/12\/Plaza_mayor_de_Castrojeriz-2.jpg\" alt=\"Plaza Mayor de Castrojeriz\" class=\"wp-image-1482\" title=\"\" srcset=\"https:\/\/www.tournride.com\/wp-content\/uploads\/2016\/12\/Plaza_mayor_de_Castrojeriz-2.jpg 3264w, https:\/\/www.tournride.com\/wp-content\/uploads\/2016\/12\/Plaza_mayor_de_Castrojeriz-2-300x225.jpg 300w, https:\/\/www.tournride.com\/wp-content\/uploads\/2016\/12\/Plaza_mayor_de_Castrojeriz-2-768x576.jpg 768w, https:\/\/www.tournride.com\/wp-content\/uploads\/2016\/12\/Plaza_mayor_de_Castrojeriz-2-1024x768.jpg 1024w\" sizes=\"auto, (max-width: 3264px) 100vw, 3264px\" \/><\/a><figcaption class=\"wp-element-caption\">Piazza Maggiore di Castrojeriz (Fotografia ceduta da Lancastermerrin88)<\/figcaption><\/figure>\n\n\n\n<p><b>La chiesa di San Juan merita una fermata per visitare l\u2019interno.<\/b><span style=\"font-weight: 400;\"> Questo tempio fu disegnato da uno dei pi\u00fa importanti architetti del gotico tedesco del S. XVI, chiamato Rodrigo Gil de Honta\u00f1\u00f3n. Partecip\u00f2 anche al disegno delle cattedrali di Salamanca, Segovia o Plasencia. Se vi \u00e8 possibile, vi consigliamo di entrare nella chiesa per dare un\u2019occhiata alle<strong> impresionanti volte con nervature che ricoprono gli ambienti<\/strong> alla stessa altezza nelle tre navate. Le colonne non hanno capitello e dalle colonnine escono nervature che si estendono fino al tetto come rami di alberi, in perfetta simmetria. Una vera e propria opera d\u2019arte! <\/span><\/p>\n\n\n\n<figure class=\"wp-block-image aligncenter size-full\"><a href=\"https:\/\/www.tournride.com\/wp-content\/uploads\/2016\/12\/Castrojeriz_BURGOS_\u2013_Iglesia_de_San_Juan._17.jpg\"><img loading=\"lazy\" decoding=\"async\" width=\"2560\" height=\"1920\" src=\"https:\/\/www.tournride.com\/wp-content\/uploads\/2016\/12\/Castrojeriz_BURGOS_\u2013_Iglesia_de_San_Juan._17.jpg\" alt=\"P\u00f3rtico de la Iglesia de San Juan\" class=\"wp-image-1483\" title=\"\" srcset=\"https:\/\/www.tournride.com\/wp-content\/uploads\/2016\/12\/Castrojeriz_BURGOS_\u2013_Iglesia_de_San_Juan._17.jpg 2560w, https:\/\/www.tournride.com\/wp-content\/uploads\/2016\/12\/Castrojeriz_BURGOS_\u2013_Iglesia_de_San_Juan._17-300x225.jpg 300w, https:\/\/www.tournride.com\/wp-content\/uploads\/2016\/12\/Castrojeriz_BURGOS_\u2013_Iglesia_de_San_Juan._17-768x576.jpg 768w, https:\/\/www.tournride.com\/wp-content\/uploads\/2016\/12\/Castrojeriz_BURGOS_\u2013_Iglesia_de_San_Juan._17-1024x768.jpg 1024w\" sizes=\"auto, (max-width: 2560px) 100vw, 2560px\" \/><\/a><figcaption class=\"wp-element-caption\">Chiesa di San Juan (Fotografia ceduta da Carlos Palacios)<\/figcaption><\/figure>\n\n\n\n<h3 class=\"wp-block-heading\" id=\"a-boadilla-del-cammino-attraversiamo-lalto-di-mostelares-e-entriamo-in-palencia\"><b>A BOADILLA DEL CAMMINO: ATTRAVERSIAMO L\u2019ALTO DI MOSTELARES E ENTRIAMO IN PALENCIA <\/b><\/h3>\n\n\n\n<p><span style=\"font-weight: 400;\">Con questa preziosa immagine abbandoniamo Castrojeriz e, gi\u00e0 sul sentiero in uscita, <strong>ci troviamo di fronte la visione dell\u2019Alto di Mostelares<\/strong>. Dall\u2019uscita del paese fino quasi ad arrivare a Pisuerga, il fondo sar\u00e0 a tratti cosparso di piccole pietre. <\/span><\/p>\n\n\n\n<figure class=\"wp-block-image aligncenter size-full\"><a href=\"https:\/\/www.tournride.com\/wp-content\/uploads\/2016\/12\/Foto-Flick-Amanecer-en-el-Alto-de-Mostelares-con-el-cerro-de-castrojeriz-abajo-a-la-derecha.jpg\"><img loading=\"lazy\" decoding=\"async\" width=\"3264\" height=\"2448\" src=\"https:\/\/www.tournride.com\/wp-content\/uploads\/2016\/12\/Foto-Flick-Amanecer-en-el-Alto-de-Mostelares-con-el-cerro-de-castrojeriz-abajo-a-la-derecha.jpg\" alt=\"Hermosa vista del amanecer en el Alto de Mosterales\" class=\"wp-image-1484\" title=\"\" srcset=\"https:\/\/www.tournride.com\/wp-content\/uploads\/2016\/12\/Foto-Flick-Amanecer-en-el-Alto-de-Mostelares-con-el-cerro-de-castrojeriz-abajo-a-la-derecha.jpg 3264w, https:\/\/www.tournride.com\/wp-content\/uploads\/2016\/12\/Foto-Flick-Amanecer-en-el-Alto-de-Mostelares-con-el-cerro-de-castrojeriz-abajo-a-la-derecha-300x225.jpg 300w, https:\/\/www.tournride.com\/wp-content\/uploads\/2016\/12\/Foto-Flick-Amanecer-en-el-Alto-de-Mostelares-con-el-cerro-de-castrojeriz-abajo-a-la-derecha-768x576.jpg 768w, https:\/\/www.tournride.com\/wp-content\/uploads\/2016\/12\/Foto-Flick-Amanecer-en-el-Alto-de-Mostelares-con-el-cerro-de-castrojeriz-abajo-a-la-derecha-1024x768.jpg 1024w\" sizes=\"auto, (max-width: 3264px) 100vw, 3264px\" \/><\/a><figcaption class=\"wp-element-caption\">Alba all\u2019Alto di Mosterales (Fotografia ceduta da malditofriki)<\/figcaption><\/figure>\n\n\n\n<p><span style=\"font-weight: 400;\">Dopo aver attraversato il fiume Odrilla su un ponte di legno, iniziamo la salita. <strong>In media l\u2019inclinazione \u00e8 del 12%, a cui si pu\u00f2 sommare l\u2019azione del vento e l\u2019intenso calore del sole. Breve ma intenso.<\/strong><\/span><\/p>\n\n\n\n<p><span style=\"font-weight: 400;\">Attraversiamo l\u2019altipiano sulla sommit\u00e0 e, quasi immediatamente inizia la discesa. Consigliamo prudenza dato che in poco meno di 1,5 km ci si abbassa di 115 m; il percorso \u00e8 reso un poco pi\u00fa semplice dal fatto che in parte \u00e8 stato recentemente asfaltato. <\/span><\/p>\n\n\n\n<p><span style=\"font-weight: 400;\">Proseguiamo per 3 km sul sentiero, fiancheggiato costantemente dalla campagna burgolese. Il cammino termina su una strada locale e, in circa 900 metri vediamo <strong>una deviazione alla nostra sinistra per prendere il sentiero che ci porta a Puente de Itero<\/strong>. <\/span><\/p>\n\n\n\n<p><span style=\"font-weight: 400;\">Prima di arrivare al ponte vedremo una costruzione alla nostra destra: si tratta di uno degli ostelli pi\u00f9 particolari<\/span> del Cammino Francese. <span style=\"font-weight: 400;\">L\u2019antico <strong>eremo di San Nicol\u00e0s de Puente Fitero,<\/strong> che fu abbandonato durante pi\u00f9 di due secoli fino a che un cattedratico italiano decise di promuovere la sua riabilitazione come ostello. Qui si cena tutti insieme e ogni notte si svolge il rituale del lavaggio dei piedi ai pellegrini ospiti. Questa tradizione era diffusa tra i monaci nel Medio Evo. Luogo mistico e spirituale, offre un\u2019esperienza indimenticabile. <\/span><\/p>\n\n\n\n<p><strong>Il <\/strong><b>ponte di Itero (o Puente Fitero) \u00e8 uno dei pi\u00f9 lunghi del Cammino Francese<\/b><span style=\"font-weight: 400;\"><strong> e sotto i suoi 11 archi scorre il Pisuerga, frontiera naturale tra Burgos e Palencia<\/strong>. Fu costruito nel S. XI e nel XVII fu riabilitato rispettandone la forme originale, con finiture di eccellente qualit\u00e0. <\/span><\/p>\n\n\n\n<p><span style=\"font-weight: 400;\">Dopo il ponte il cammino prende a destra, verso <\/span><b>Itero de la Vega<\/b><span style=\"font-weight: 400;\">. Itero de la Vega. \u201cItero\u201d viene da \u201cpetra ficta\u201d espressione latina che divenne \u201chito\u201d o \u201cmojon\u201d (pietra migliare). Questo rispecchia la sua posizione di frontiera sulla riva (\u201cvega\u201d) del Pisuerga. Infatti, uscendo dal paese,<\/span><b> , ci addentriamo gi\u00e0 in Palencia e nella sua regione chiamata \u201cTierra de Campos\u201d (Terra di Campi)<\/b><span style=\"font-weight: 400;\">. <\/span><\/p>\n\n\n\n<figure class=\"wp-block-image aligncenter size-full\"><a href=\"https:\/\/www.tournride.com\/wp-content\/uploads\/2016\/12\/Foto-Flick-CEREAL-EN-EL-CAMINO.jpg\"><img loading=\"lazy\" decoding=\"async\" width=\"1894\" height=\"1162\" src=\"https:\/\/www.tournride.com\/wp-content\/uploads\/2016\/12\/Foto-Flick-CEREAL-EN-EL-CAMINO.jpg\" alt=\"Campo de cereal durante el Camino de Santiago\" class=\"wp-image-1485\" title=\"\" srcset=\"https:\/\/www.tournride.com\/wp-content\/uploads\/2016\/12\/Foto-Flick-CEREAL-EN-EL-CAMINO.jpg 1894w, https:\/\/www.tournride.com\/wp-content\/uploads\/2016\/12\/Foto-Flick-CEREAL-EN-EL-CAMINO-300x184.jpg 300w, https:\/\/www.tournride.com\/wp-content\/uploads\/2016\/12\/Foto-Flick-CEREAL-EN-EL-CAMINO-768x471.jpg 768w, https:\/\/www.tournride.com\/wp-content\/uploads\/2016\/12\/Foto-Flick-CEREAL-EN-EL-CAMINO-1024x628.jpg 1024w\" sizes=\"auto, (max-width: 1894px) 100vw, 1894px\" \/><\/a><figcaption class=\"wp-element-caption\">Cereali sul Cammino (Fotografia ceduta da Instant2010)<\/figcaption><\/figure>\n\n\n\n<p><span style=\"font-weight: 400;\">Palencia condivide quest\u2019area naturale anche con Valladolid, Zamora e Le\u00f2n. Insieme,<\/span><b> producono un volume di cereali tanto elevato che vengono chiamati \u201cGranaio di Spagna\u201d<\/b><span style=\"font-weight: 400;\">. Di questo saremo noi stessi testimoni, dato che fino a Le\u00f2n dovremo pedalare per chilometri su sentieri di terra tra ettari di cereali dorati.<\/span><\/p>\n\n\n\n<figure class=\"wp-block-image aligncenter size-full\"><a href=\"https:\/\/www.tournride.com\/wp-content\/uploads\/2016\/12\/Boadilla_del_Camino_-_panoramio.jpg\"><img loading=\"lazy\" decoding=\"async\" width=\"800\" height=\"600\" src=\"https:\/\/www.tournride.com\/wp-content\/uploads\/2016\/12\/Boadilla_del_Camino_-_panoramio.jpg\" alt=\"Camino empedrado de Itero de la Vega a Boadilla del Camino\" class=\"wp-image-1486\" title=\"\" srcset=\"https:\/\/www.tournride.com\/wp-content\/uploads\/2016\/12\/Boadilla_del_Camino_-_panoramio.jpg 800w, https:\/\/www.tournride.com\/wp-content\/uploads\/2016\/12\/Boadilla_del_Camino_-_panoramio-300x225.jpg 300w, https:\/\/www.tournride.com\/wp-content\/uploads\/2016\/12\/Boadilla_del_Camino_-_panoramio-768x576.jpg 768w\" sizes=\"auto, (max-width: 800px) 100vw, 800px\" \/><\/a><figcaption class=\"wp-element-caption\">Da Itero de la Vega a Boadilla del Cammino (Fotografia ceduta da Santi Garc\u00eca)<\/figcaption><\/figure>\n\n\n\n<p><b>Dopo aver percorso 8 km arriviamo a Boadilla (km 60 della tappa).<\/b><span style=\"font-weight: 400;\"> In questo piccolo paese troveremo tutti i servizi di cui abbiamo bisogno. Nel centro si trova una specie di colonna di pietra che \u00e8, in realt\u00e0, una colonna giurisdizionale.<\/span><\/p>\n\n\n\n<p><span style=\"font-weight: 400;\">Queste colonne venivano erette nelle citt\u00e0 per indicare la categoria amministrativa della popolazione e differenziarla dal resto. Si potevano innalzare solo dove c\u2019era un sindaco che avesse la competenza per poter condannare a morte. Di fatto, sul palo venivano incatenati i condannati per esporli pubblicamente prima del giudizio. In questo caso, questo palo \u00e8 del S. XVI e indica l\u2019indipendenza del paese dalla vicina Castrojeriz. <\/span><\/p>\n\n\n\n<p><b>La colonna giurisdizionale di Boadilla del Cammino spicca per altezza e decorazione, ed \u00e8 una delle pi\u00f9 importanti di Spagna<\/b><span style=\"font-weight: 400;\">. Anche se ce ne sono molte, se ne conservano poche, perch\u00e8 la Costituzione di C\u00e0diz (1812) ordin\u00f2 di distruggerle tutte. Queste colonne<strong> erano simboli del potere politico e giuridico dei signori del territorio e la nuova legge abol\u00ec questi poteri<\/strong>. Per questo, solo rimangono le colonne delle localit\u00e0 in cui si erano rifiutati di abbatterle.<\/span><\/p>\n\n\n\n<figure class=\"wp-block-image aligncenter size-full\"><a href=\"https:\/\/www.tournride.com\/wp-content\/uploads\/2016\/12\/Boadilla_del_Camino.jpg\"><img decoding=\"async\" src=\"https:\/\/www.tournride.com\/wp-content\/uploads\/2016\/12\/Boadilla_del_Camino.jpg\" alt=\"\" class=\"wp-image-4307\" title=\"\"><\/a><figcaption class=\"wp-element-caption\">Colonna Giurisdizionale di Boadilla (Fotografia ceduta da Jos\u00e9 Antonio Gil Mart\u00ecnez)<\/figcaption><\/figure>\n\n\n\n<p><span style=\"font-weight: 400;\">Dopo la colonna vediamo la <\/span><b>chiesa di Nostra Signora dell\u2019Assunzione.<\/b><span style=\"font-weight: 400;\"> Anche se il tempio ha origine romanica, quello che oggi visitiamo \u00e8 del S. XV e XVI \u2013 di questo secolo spicca soprattutto la pala d\u2019altare maggiore-. Delle sue origini \u00e8 conservato un fonte battesimale di grandi dimensioni e abbondantemente decorato.<\/span><\/p>\n\n\n\n<figure class=\"wp-block-image aligncenter size-full\"><a href=\"https:\/\/www.tournride.com\/wp-content\/uploads\/2016\/12\/Pila_bautismal_-_Boadilla_del_Camino_Palencia.jpg\"><img loading=\"lazy\" decoding=\"async\" width=\"4032\" height=\"3024\" src=\"https:\/\/www.tournride.com\/wp-content\/uploads\/2016\/12\/Pila_bautismal_-_Boadilla_del_Camino_Palencia.jpg\" alt=\"Pila bautismal en la Iglesia de Nuestra Se\u00f1ora de la Asunci\u00f3n\" class=\"wp-image-1488\" title=\"\" srcset=\"https:\/\/www.tournride.com\/wp-content\/uploads\/2016\/12\/Pila_bautismal_-_Boadilla_del_Camino_Palencia.jpg 4032w, https:\/\/www.tournride.com\/wp-content\/uploads\/2016\/12\/Pila_bautismal_-_Boadilla_del_Camino_Palencia-300x225.jpg 300w, https:\/\/www.tournride.com\/wp-content\/uploads\/2016\/12\/Pila_bautismal_-_Boadilla_del_Camino_Palencia-768x576.jpg 768w, https:\/\/www.tournride.com\/wp-content\/uploads\/2016\/12\/Pila_bautismal_-_Boadilla_del_Camino_Palencia-1024x768.jpg 1024w\" sizes=\"auto, (max-width: 4032px) 100vw, 4032px\" \/><\/a><figcaption class=\"wp-element-caption\">Fonte battesimale nella Chiesa di Nostra Signora dell\u2019Assunzione (Fotografia ceduta da Davidh820)<\/figcaption><\/figure>\n\n\n\n<h3 class=\"wp-block-heading\" id=\"il-canale-di-castilla-ci-porta-a-fromista\"><b>IL CANALE DI CASTILLA CI PORTA A FR\u00d2MISTA<\/b><\/h3>\n\n\n\n<p><span style=\"font-weight: 400;\">Dopo essere usciti da Boadilla del Cammino sulla sua via principale una freccia ci segnala di girare a sinistra. In poco pi\u00f9 di un km arriveremo alla<\/span><b> riva del Canale di Castiglia, su cui percorreremo 3,2 km in piano fino a una chiusa<\/b><span style=\"font-weight: 400;\"> attraverso cui attravarsare il canale e entrare a Fr\u00f2mista.<\/span><\/p>\n\n\n\n<p><span style=\"font-weight: 400;\">Questo canale fu <\/span><b>uno dei progetti di ingegneria pi\u00f9 importante portato a termine in Spagna durante l\u2019Illuminismo<\/b><span style=\"font-weight: 400;\">. Fu promosso da Fernando VI (1713-1759), un re influenzato da questa corrente culturale e intellettuale e portato a termine con il suo ministro il Marchese de la Ensenada. L\u2019idea era dare uno sbocco all\u2019eccedenza di cereali prodotti in Castiglia, visto che le comunicazioni con il resto della penisola in quest\u2019area erano pessime e si voleva rivitalizzare la sua economia. <\/span><\/p>\n\n\n\n<figure class=\"wp-block-image aligncenter size-full\"><a href=\"https:\/\/www.tournride.com\/wp-content\/uploads\/2016\/12\/canal-de-castilla-en-oto\u00f1o.-jorge-ga\u00f1\u00e1n.jpg\"><img loading=\"lazy\" decoding=\"async\" width=\"960\" height=\"720\" src=\"https:\/\/www.tournride.com\/wp-content\/uploads\/2016\/12\/canal-de-castilla-en-oto\u00f1o.-jorge-ga\u00f1\u00e1n.jpg\" alt=\"Canal de Castilla con un peque\u00f1o camino de tierra y el r\u00edo al lado\" class=\"wp-image-1489\" title=\"\" srcset=\"https:\/\/www.tournride.com\/wp-content\/uploads\/2016\/12\/canal-de-castilla-en-oto\u00f1o.-jorge-ga\u00f1\u00e1n.jpg 960w, https:\/\/www.tournride.com\/wp-content\/uploads\/2016\/12\/canal-de-castilla-en-oto\u00f1o.-jorge-ga\u00f1\u00e1n-300x225.jpg 300w, https:\/\/www.tournride.com\/wp-content\/uploads\/2016\/12\/canal-de-castilla-en-oto\u00f1o.-jorge-ga\u00f1\u00e1n-768x576.jpg 768w\" sizes=\"auto, (max-width: 960px) 100vw, 960px\" \/><\/a><figcaption class=\"wp-element-caption\">Canale di Castilla (Fotografia ceduta da Jorge Ga\u00f1\u00e0n)<\/figcaption><\/figure>\n\n\n\n<p><span style=\"font-weight: 400;\">L\u2019ingegnere Carlos Lemaur progett\u00f2 quattro canali<\/span> <span style=\"font-weight: 400;\">che furono iniziati nel 1753. <\/span><b>Si voleva unire Segovia con il mar Cant\u00e0brico a Santander, ma questo rimase solamente un sogno sulla carta.<\/b><span style=\"font-weight: 400;\"> Nonostante questo, si fecero 207 km di canale su cui circolavano le chiatte cariche di merci, trainate da cavalli. Divenne un importante motore per l\u2019economia castigliana, il suo primo segnale di industrializzazione, anche se con l\u2019avvento della ferrovia perse la sua utilit\u00e0. <strong>Oggi \u00e8 utilizzato per produrre energia idroelettrica e per scopi ricreativi<\/strong> (pesca, turismo, ecc.). <\/span><\/p>\n\n\n\n<p><span style=\"font-weight: 400;\">Il percorso sulle sue sponde diventer\u00e0 una gradevole passeggiata che, attraversata la chiusa che permetteva di superare 14 metri di dislivello, ci porter\u00e0 a Fr\u00f2mista. <\/span><b>Nella chiusa ci sono scale, quindi si pu\u00f2 solamente attraversare il ponte <\/b><span style=\"font-weight: 400;\">passando sulla strada che si trova un poco pi\u00f9 avanti.<\/span><\/p>\n\n\n\n<p><b>Il cammino giacobino attraversa Fr\u00f2mista per la sua parte bassa, quindi se vogliamo visitare alcuni dei suoi monumenti dovremo girare a destra quando arriviamo alla sua grande via centrale<\/b><span style=\"font-weight: 400;\"> (Avda. Dell\u2019Ingegner Rivera). <\/span><\/p>\n\n\n\n<p><span style=\"font-weight: 400;\">Fr\u00f2mista \u00e8 una delle localit\u00e0 giacobine pi\u00f9 conosciute. Nonostante conti meno di 1000 abitanti, offre un grandissimo patrimonio culturale, storico e gastronomico. <\/span><b>Questa localit\u00e0 \u00e8 conosciuta anche come \u201ccitt\u00e0 del miracolo\u201d,<\/b><span style=\"font-weight: 400;\">, riferendosi ad una leggenda di un uomo che fu scomunicato per non aver restituito un prestito ad un ebreo. Risult\u00f2 che, nonostante avesse restituito il prestito, quando molti anni pi\u00f9 tardi mor\u00ec e chiese di ricevere l\u2019estrema unzione, il curato non pot\u00e8 farlo perch\u00e8 il cilindro metallico con cui si accingeva ad ungerlo era rimasto incollato alla patena. Fino a che il malinteso non fu chiarito, non pot\u00e8 ricevere l\u2019ultimo sacramento.<\/span><\/p>\n\n\n\n<p><span style=\"font-weight: 400;\"><strong>Per\u00f2\u2026 cosa vale la pena visitare al giorno d\u2019oggi a Fr\u00f2mista?<\/strong> In primo luogo e come <\/span><b>monumento pi\u00f9 importante, la chiesa di San Mart\u00ecn<\/b><span style=\"font-weight: 400;\">. Questo tempio ci viene in mente quando si parla di stile romanico, dato che \u00e8 uno degli esempi di questo stile. Risale al finale del S. XI e inizio del XII. Nel S. XIX fu oggetto di una grande ristrutturazione. &nbsp;<\/span><\/p>\n\n\n\n<figure class=\"wp-block-image aligncenter size-full\"><a href=\"https:\/\/www.tournride.com\/wp-content\/uploads\/2016\/12\/4722228280_827ce74bb4_b.jpg\"><img loading=\"lazy\" decoding=\"async\" width=\"1024\" height=\"686\" src=\"https:\/\/www.tournride.com\/wp-content\/uploads\/2016\/12\/4722228280_827ce74bb4_b.jpg\" alt=\"Iglesia de San Mart\u00edn hecha con piedra\" class=\"wp-image-1492\" title=\"\" srcset=\"https:\/\/www.tournride.com\/wp-content\/uploads\/2016\/12\/4722228280_827ce74bb4_b.jpg 1024w, https:\/\/www.tournride.com\/wp-content\/uploads\/2016\/12\/4722228280_827ce74bb4_b-300x201.jpg 300w, https:\/\/www.tournride.com\/wp-content\/uploads\/2016\/12\/4722228280_827ce74bb4_b-768x515.jpg 768w\" sizes=\"auto, (max-width: 1024px) 100vw, 1024px\" \/><\/a><figcaption class=\"wp-element-caption\">Chiesa di San Mart\u00ecn (Fotografia ceduta da Miguel Cort\u00e9s)<\/figcaption><\/figure>\n\n\n\n<figure class=\"wp-block-image alignright\"><a href=\"https:\/\/www.tournride.com\/wp-content\/uploads\/2016\/12\/san-martin-capitel-orestiada-angel-m-felici\u0301simo.jpg\"><img loading=\"lazy\" decoding=\"async\" width=\"280\" height=\"300\" src=\"https:\/\/www.tournride.com\/wp-content\/uploads\/2016\/12\/san-martin-capitel-orestiada-angel-m-felici\u0301simo-280x300.jpg\" alt=\"Capitel de la Orestiada en San Mart\u00edn de Fr\u00f3mista. En la restauraci\u00f3n del S. XIX el original se llev\u00f3 a un museo y aqu\u00ed se puso esta copia\" class=\"wp-image-1531\" title=\"\" srcset=\"https:\/\/www.tournride.com\/wp-content\/uploads\/2016\/12\/san-martin-capitel-orestiada-angel-m-felici\u0301simo-280x300.jpg 280w, https:\/\/www.tournride.com\/wp-content\/uploads\/2016\/12\/san-martin-capitel-orestiada-angel-m-felici\u0301simo.jpg 512w\" sizes=\"auto, (max-width: 280px) 100vw, 280px\" \/><\/a><figcaption class=\"wp-element-caption\">Capitello dell\u2019Orestiade a San Mart\u00ecn de Fr\u00f2mista. Durante il restauro del S. XIX l\u2019originale fu portato in un museo e qui venne posta questa copia (Fotografia ceduta da \u00c0ngel M. Felic\u00ecsimo)<\/figcaption><\/figure>\n\n\n\n<p><strong>Questa chiesa<\/strong><b> trasmette molta bellezza per la semplicit\u00e0 e limpidezza delle sue forme, che giocano con i volumi in modo molto equilibrato<\/b><span style=\"font-weight: 400;\">. Consta di tre navate con abside semicircolare e volta a botte \u2013 la forma medievale pi\u00f9 comune &#8211; ma sorprende il suo ciborio ottagonale con abbaini e con le due torri circolari della facciata occidentale. Normalmente le torri avrebbero dovuto essere quadrangolari, mentre queste ricordano l&#8217;arte carolingia o tedesca.<\/span><\/p>\n\n\n\n<p><span style=\"font-weight: 400;\">Inoltre, <\/span><b>il tempio di San Mart\u00ecn conserva una gran quantit\u00e0 di sculture decorative<\/b><span style=\"font-weight: 400;\">, molto ricche di dettagli. In ogni capitello, su ogni gronda del tetto, c\u2019\u00e8 una piccola scultura e all\u2019esterno strutture a scacchi segnano tutta l\u2019altezza dell\u2019edificio. All\u2019interno sorprende la decorazione dei capitelli.<\/span><\/p>\n\n\n\n<p><strong>Oltre alla chiesa di San Mart\u00ecn,<\/strong><b> a Fr\u00f2mista si trova anche il tempio di San Pedro, nella piazza di Tuy<\/b><span style=\"font-weight: 400;\">. Non \u00e8 romanico, ma gotico, come si nota dalle sue volte agivali con nervature. La sua facciata \u00e8 rinascimentale e una parte del tempio \u00e8 occupata dal museo parrocchiale locale.<\/span><\/p>\n\n\n\n<p><span style=\"font-weight: 400;\"><strong>Sulla stessa grande strada che attraversa il paese, si trova la scultura del patrono di Fr\u00f2mista: San Telmo<\/strong>. Questo santo nacque qui nel S. XII e percorse Asturia e Galizia predicando, specialmente con pescatori \u2013 per questo in questa scultura nel bel mezzo della pianura castigliana viene rappresentato in una barca-. <\/span><\/p>\n\n\n\n<h3 class=\"wp-block-heading\" id=\"da-fromista-a-villalcazarde-sirga-e-ultimi-chilometri-fino-a-carrion\"><span style=\"color: #308ec5;\"><b>DA FR\u00d2MISTA A VILLALC\u00c0ZAR<\/b><b>DE SIRGA E ULTIMI CHILOMETRI FINO A CARRI\u00d2N <\/b><\/span><\/h3>\n\n\n\n<figure class=\"wp-block-image alignleft is-resized\"><a href=\"https:\/\/www.tournride.com\/wp-content\/uploads\/2016\/12\/AUM31704.jpg\"><img loading=\"lazy\" decoding=\"async\" width=\"720\" height=\"540\" src=\"https:\/\/www.tournride.com\/wp-content\/uploads\/2016\/12\/AUM31704.jpg\" alt=\"Estatua de hierra de San Telmo\" class=\"wp-image-1493\" style=\"width:435px;height:auto\" title=\"\" srcset=\"https:\/\/www.tournride.com\/wp-content\/uploads\/2016\/12\/AUM31704.jpg 720w, https:\/\/www.tournride.com\/wp-content\/uploads\/2016\/12\/AUM31704-300x225.jpg 300w\" sizes=\"auto, (max-width: 720px) 100vw, 720px\" \/><\/a><figcaption class=\"wp-element-caption\">San Telmo (Fotografia ceduta da Arte Historia)<\/figcaption><\/figure>\n\n\n\n<p><b>All\u2019uscita da Fr\u00f2mista dobbiamo attraversare due rotonde sulla P-980 e, da l\u00ec, le indicazioni sono semplici: proseguire dritto sulla strada fino a Carri\u00f2n de los Condes<\/b><span style=\"font-weight: 400;\">. Il sentiero per i pellegrini a piedi segue costantemente parallelo la strada asfaltata, con in mezzo due pietre miliari ogni centinaia di metri. <\/span><\/p>\n\n\n\n<p><span style=\"font-weight: 400;\"><strong>Nonostante il sentiero sia abbastanza ampio, per noi \u00e8 pi\u00f9 comodo prendere la strada<\/strong>. Si tratta di circa 20 km in leggerissima salita, anche se sembrer\u00e0 di essere in piano. <\/span><\/p>\n\n\n\n<p><span style=\"font-weight: 400;\"><strong>Durante il nostro percorso, lasceremo alla nostra destra quattro cittadine prima di arrivare a Carri\u00f2n de los Condes<\/strong>. Noi di Tournride sappiamo bene che dopo tutta la fatica fatta oggi sarete piuttosto stanchi, cos\u00ec vi offriamo semplicemente alcuni accenni di punti che possono risultare interessanti, nel caso in cui vogliate fermarvi. <\/span><\/p>\n\n\n\n<p><span style=\"font-weight: 400;\"><strong>Il primo centro abitato si chiama Poblaci\u00f2n de Campos<\/strong>. Qui troviamo tutti i servizi di cui abbiamo bisogno. Nel passato era molto legato all\u2019Ordine di San Giovanni, e al giorno d\u2019oggi sono degni di nota i suoi due eremi e la chiesa parrocchiale, dedicata a Santa Magdalena.<\/span><\/p>\n\n\n\n<figure class=\"wp-block-image aligncenter size-full\"><a href=\"https:\/\/www.tournride.com\/wp-content\/uploads\/2016\/12\/entrada-a-carri\u00f3n-de-los-condes-con-el-sendero-y-la-P980.-cedida-por-jorge-ga\u00f1\u00e1n.jpg\"><img loading=\"lazy\" decoding=\"async\" width=\"960\" height=\"720\" src=\"https:\/\/www.tournride.com\/wp-content\/uploads\/2016\/12\/entrada-a-carri\u00f3n-de-los-condes-con-el-sendero-y-la-P980.-cedida-por-jorge-ga\u00f1\u00e1n.jpg\" alt=\"Camino de tierra entre Fr\u00f3mista y Carri\u00f3n con se\u00f1alizaci\u00f3n del Camino de Santiago\" class=\"wp-image-1494\" title=\"\" srcset=\"https:\/\/www.tournride.com\/wp-content\/uploads\/2016\/12\/entrada-a-carri\u00f3n-de-los-condes-con-el-sendero-y-la-P980.-cedida-por-jorge-ga\u00f1\u00e1n.jpg 960w, https:\/\/www.tournride.com\/wp-content\/uploads\/2016\/12\/entrada-a-carri\u00f3n-de-los-condes-con-el-sendero-y-la-P980.-cedida-por-jorge-ga\u00f1\u00e1n-300x225.jpg 300w, https:\/\/www.tournride.com\/wp-content\/uploads\/2016\/12\/entrada-a-carri\u00f3n-de-los-condes-con-el-sendero-y-la-P980.-cedida-por-jorge-ga\u00f1\u00e1n-768x576.jpg 768w\" sizes=\"auto, (max-width: 960px) 100vw, 960px\" \/><\/a><figcaption class=\"wp-element-caption\">Cammino tra Fr\u00f2mista e Carri\u00f2n de los Condes (Fotografia ceduta da Jorge Ga\u00f1\u00e0n)<\/figcaption><\/figure>\n\n\n\n<p><span style=\"font-weight: 400;\">Prima di attraversare il fiume Ucieza su un ponte,<\/span><b> all\u2019uscita di Poblaci\u00f2n de Campos, c\u2019\u00e8 una deviazione che indica a destra. Si tratta di un cammino alternativo che possiamo prendere se vogliamo arrivare a Villovieco attraverso i campi.<\/b><span style=\"font-weight: 400;\">. L\u00ed torneremo ad attraversare il fiume per prendere la P-980. La lunghezza dei due percorsi \u00e8 praticamente la stessa. <\/span><\/p>\n\n\n\n<p><span style=\"font-weight: 400;\">Se prendiamo la P-980 invece che il cammino alternativo passeremo per <\/span><b>Revenga de Campos<\/b><span style=\"font-weight: 400;\">. Sulla torre della chiesa di questo centro abitato fanno il nido le cicogne, volatile che trova in Castiglia uno dei migliori habitat di tutta Spagna.<\/span><\/p>\n\n\n\n<p><span style=\"font-weight: 400;\">Qualunque sia il percorso che decidiamo di prendere, passeremo per <\/span><b>Villarmentero de Campos<\/b><span style=\"font-weight: 400;\">. Qui vale la pena nominare la chiesa di San Mart\u00ecn de Tours. Anche se da fuori non richiama molto l\u2019attenzione, l\u2019interno offre uno splendido soffitto a cassettoni in stile mudejar: proprio cio\u00e8 dei musulmani che vissero in questo territorio cristiano e crearono qui questo stupendo soffitto in legno. <\/span><\/p>\n\n\n\n<p><span style=\"font-weight: 400;\">Infine, la strada passa per Villalc\u00e0zar de Sirga prima di arrivare a Carri\u00f2n de los Condes. <\/span><b>Dei quattro paesi di quest\u2019ultimo tratto, Villalc\u00e0zar de Sirga ha il patrimonio culturale pi\u00f9 degno di nota, soprattutto perch\u00e8 ospita la chiesa di Santa Mar\u00eca la Blanca.<span style=\"font-weight: 400;\">.<\/span><\/b><\/p>\n\n\n\n<figure class=\"wp-block-image alignright\"><a href=\"https:\/\/www.tournride.com\/wp-content\/uploads\/2016\/12\/Santa_Mari\u0301a_de_Villasirga_Villalca\u0301zar_de_Sirga._Fachada_sur_jose\u0301-luis-filpo-cabana_31.jpg\"><img loading=\"lazy\" decoding=\"async\" width=\"300\" height=\"300\" src=\"https:\/\/www.tournride.com\/wp-content\/uploads\/2016\/12\/Santa_Mari\u0301a_de_Villasirga_Villalca\u0301zar_de_Sirga._Fachada_sur_jose\u0301-luis-filpo-cabana_31-300x300.jpg\" alt=\"Vista sur de la iglesia de Santa Mar\u00eda la Blanca en Villalc\u00e1zar de Sirga\" class=\"wp-image-1533\" title=\"\" srcset=\"https:\/\/www.tournride.com\/wp-content\/uploads\/2016\/12\/Santa_Mari\u0301a_de_Villasirga_Villalca\u0301zar_de_Sirga._Fachada_sur_jose\u0301-luis-filpo-cabana_31-300x300.jpg 300w, https:\/\/www.tournride.com\/wp-content\/uploads\/2016\/12\/Santa_Mari\u0301a_de_Villasirga_Villalca\u0301zar_de_Sirga._Fachada_sur_jose\u0301-luis-filpo-cabana_31-150x150.jpg 150w, https:\/\/www.tournride.com\/wp-content\/uploads\/2016\/12\/Santa_Mari\u0301a_de_Villasirga_Villalca\u0301zar_de_Sirga._Fachada_sur_jose\u0301-luis-filpo-cabana_31-768x768.jpg 768w, https:\/\/www.tournride.com\/wp-content\/uploads\/2016\/12\/Santa_Mari\u0301a_de_Villasirga_Villalca\u0301zar_de_Sirga._Fachada_sur_jose\u0301-luis-filpo-cabana_31-1024x1024.jpg 1024w\" sizes=\"auto, (max-width: 300px) 100vw, 300px\" \/><\/a><figcaption class=\"wp-element-caption\">Vista sud della chiesa di Santa Mar\u00eca la Blanca a Villalc\u00e0zar de Sirga (Fotografia ceduta da Jos\u00e9 Luis Filpo Cabana)<\/figcaption><\/figure>\n\n\n\n<p><span style=\"font-weight: 400;\">Visto da lontano, il tempio sorprende per dimensione e robustezza, mentre all\u2019interno meraviglia la sua delicatezza. <\/span><b>La chiesa fu iniziata nel S. XII e fu molto legata all\u2019Ordine dei Templari e della Corona.<\/b><span style=\"font-weight: 400;\">. Di fatto, alla Vergine Bianca che vien adorata in questo tempio, Alfonso X in Saggio dedic\u00f3 dodici dei suoi &#8220;<em>cantici<\/em>&#8220;. <\/span><\/p>\n\n\n\n<p><span style=\"font-weight: 400;\"><strong>Quando nel 1312 si sciolse l\u2019Ordine del Templari, la chiesa fu ceduta a una famiglia di alto lignaggio.<\/strong> La dissoluzione di questo ordine \u00e8 passata alla storia grazie a numerose leggende, soprattutto a causa della sua improvvisa eradicazione.<strong> Di sicuro, dalla loro nascita nel 1118 i templari avevano accumulato cos\u00ec tanto potere che persino Filippo IV, re di Francia, doveva loro un\u2019enorme quantit\u00e1 di denaro.<\/strong> Per questo, imprigion\u00f2 alcuni di questi cavalieri e li uccise dopo averli torturati, e fece pressioni anche sul papato perch\u00e8 sciogliesse l\u2019ordine, cosa che si verific\u00f2 nel 1312.<\/span><\/p>\n\n\n\n<figure class=\"wp-block-image aligncenter size-full\"><a href=\"https:\/\/www.tournride.com\/wp-content\/uploads\/2016\/12\/Iglesia_de_Santa_Mar\u00eda_la_Blanca.jpg\"><img loading=\"lazy\" decoding=\"async\" width=\"800\" height=\"1200\" src=\"https:\/\/www.tournride.com\/wp-content\/uploads\/2016\/12\/Iglesia_de_Santa_Mar\u00eda_la_Blanca.jpg\" alt=\"Iglesia de Santa Mar\u00eda La Blanca\" class=\"wp-image-1497\" title=\"\" srcset=\"https:\/\/www.tournride.com\/wp-content\/uploads\/2016\/12\/Iglesia_de_Santa_Mar\u00eda_la_Blanca.jpg 800w, https:\/\/www.tournride.com\/wp-content\/uploads\/2016\/12\/Iglesia_de_Santa_Mar\u00eda_la_Blanca-200x300.jpg 200w, https:\/\/www.tournride.com\/wp-content\/uploads\/2016\/12\/Iglesia_de_Santa_Mar\u00eda_la_Blanca-768x1152.jpg 768w, https:\/\/www.tournride.com\/wp-content\/uploads\/2016\/12\/Iglesia_de_Santa_Mar\u00eda_la_Blanca-683x1024.jpg 683w\" sizes=\"auto, (max-width: 800px) 100vw, 800px\" \/><\/a><figcaption class=\"wp-element-caption\">Chiesa di Santa Mar\u00eca La Blanca (Fotografia ceduta da Ochoytres)<\/figcaption><\/figure>\n\n\n\n<p><strong>Se avete l\u2019occasione di entrare nella chiesa, data un\u2019occhiata alla sua pala maggiore e ai sepolcri policromi ricchi di bassorilievi, non ve ne pentirete!<\/strong><\/p>\n\n\n\n<figure class=\"wp-block-image aligncenter size-full\"><a href=\"https:\/\/www.tournride.com\/wp-content\/uploads\/2016\/12\/1024px-Sta_Maria_la_blanca-1.jpg\"><img loading=\"lazy\" decoding=\"async\" width=\"1024\" height=\"682\" src=\"https:\/\/www.tournride.com\/wp-content\/uploads\/2016\/12\/1024px-Sta_Maria_la_blanca-1.jpg\" alt=\"Sepulcros en la Iglesia Santa Maria la Blanca\" class=\"wp-image-1498\" title=\"\" srcset=\"https:\/\/www.tournride.com\/wp-content\/uploads\/2016\/12\/1024px-Sta_Maria_la_blanca-1.jpg 1024w, https:\/\/www.tournride.com\/wp-content\/uploads\/2016\/12\/1024px-Sta_Maria_la_blanca-1-300x200.jpg 300w, https:\/\/www.tournride.com\/wp-content\/uploads\/2016\/12\/1024px-Sta_Maria_la_blanca-1-768x512.jpg 768w\" sizes=\"auto, (max-width: 1024px) 100vw, 1024px\" \/><\/a><figcaption class=\"wp-element-caption\">Sepolcri della chiesa di Santa Maria la Blanca (Fotografia ceduta da Guu)<\/figcaption><\/figure>\n\n\n\n<p><span style=\"font-weight: 400;\">Dopo quest\u2019ultima visita percorreremo gli ultimi 7 km di tappa sulla P-980 e entreremo a Carri\u00f2n de los Condes sulla Via dei Pellegrini. Adesso manca solo godersi il meritato riposo!<\/span><\/p>\n\n\n<div class=\"tournride-cta-container\">\n            <a class=\"tournride-cta-button\" href=\"https:\/\/www.tournride.com\/it\/?lang=it&#038;utm_source=blog&#038;utm_medium=contenido_web&#038;utm_campaign=tappa-7-da-burgos-a-carrion-de-los-condes-cammino-in-bicicletta&#038;utm_content=it\">Prenota ora la tua bici!<\/a>\n        <\/div>\n\n\n\n<h3 class=\"wp-block-heading\" id=\"un-pomeriggio-a-spasso-per-carrion-de-los-condes\"><b>UN POMERIGGIO A SPASSO PER CARRI\u00d2N DE LOS CONDES <\/b><\/h3>\n\n\n\n<p><span style=\"font-weight: 400;\">Carri\u00f2n de los Condes \u00e8 uno di quei posti che, anche se di dimensioni non molto grandi e non molto popoloso \u2013 conta circa 2000 abitanti -, ha un grande percorso storico inciso nel suo patrimonio monumentale. Perse gran parte dei suoi monumenti durante la Guerra di Indipendenza, ma ugualmente conserva una moltitudine di tesori che vale la pena scoprire.<\/span><br><span style=\"font-weight: 400;\">Tournride vi invita a godervi una passeggiata in questa localit\u00e0. <\/span><b>La sua dimensione e la concentrazione dei punti interessanti permettono, in solo 30 minuti, di farsene un\u2019idea generale. Per rendere pi\u00f9 semplice l\u2019esperienza, abbiamo preparato una <a aria-label=\"Visit the Drive.google website for more information\" href=\"https:\/\/drive.google.com\/open?id=1DLrOBNmd9Ffcl6xXBNHs-Uw4YP0&amp;usp=sharing\" target=\"_blank\" rel=\"noopener noreferrer\">mappa del percorso<\/a>&nbsp;<\/b><span style=\"font-weight: 400;\">e vi diamo alcuni consigli su cosa vedere a Carri\u00f2n de los Condes. <\/span><\/p>\n\n\n\n<p><span style=\"font-weight: 400;\">A passeggiare! Non ve ne pentirete!<\/span><\/p>\n\n\n\n<figure class=\"wp-block-image aligncenter size-full\"><a href=\"https:\/\/www.tournride.com\/wp-content\/uploads\/2016\/12\/salida-de-carri\u00f3n-de-los-condes.jpg\"><img loading=\"lazy\" decoding=\"async\" width=\"960\" height=\"720\" src=\"https:\/\/www.tournride.com\/wp-content\/uploads\/2016\/12\/salida-de-carri\u00f3n-de-los-condes.jpg\" alt=\"Salida de Carri\u00f3n de los Condes por el Puente Mayor hacia Santiago de Compostela\" class=\"wp-image-1499\" title=\"\" srcset=\"https:\/\/www.tournride.com\/wp-content\/uploads\/2016\/12\/salida-de-carri\u00f3n-de-los-condes.jpg 960w, https:\/\/www.tournride.com\/wp-content\/uploads\/2016\/12\/salida-de-carri\u00f3n-de-los-condes-300x225.jpg 300w, https:\/\/www.tournride.com\/wp-content\/uploads\/2016\/12\/salida-de-carri\u00f3n-de-los-condes-768x576.jpg 768w\" sizes=\"auto, (max-width: 960px) 100vw, 960px\" \/><\/a><figcaption class=\"wp-element-caption\">Uscita da Carri\u00f2n de los Condes sul Ponte Maggiore<\/figcaption><\/figure>\n\n\n\n<h3 class=\"wp-block-heading\" id=\"carrion-de-los-condes-dalle-leggende-di-cavalli-di-troia-a-una-moderna-citta-culturale\"><b>Carri\u00f2n de los Condes, dalle leggende di cavalli di Troia a una moderna citt\u00e0 culturale<\/b><\/h3>\n\n\n\n<p><span style=\"font-weight: 400;\">Noi di Tournride riteniamo che per poter apprezzare ci\u00f2 che oggi visitiamo, \u00e8 necessario comprendere come arriv\u00f2 a generarsi. Per questo, cominciamo questa passeggiata fornendo alcuni riferimenti su dove si trova Carri\u00f2n de los Condes e sul suo sviluppo storico. <\/span><\/p>\n\n\n\n<p><span style=\"font-weight: 400;\">Carri\u00f2n de los Condes si trova nel centro della provincia palentina.<\/span><b> La sua<\/b> <b>posizione priviliegiata sulla riva del fiume Carri\u00f2n, nell\u2019arida pianura della Castiglia, ha permesso che fosse abitato fin dalla preistoria<\/b><span style=\"font-weight: 400;\">. Comunque, il primo insediamento urbanizzato si ritiene che fosse celt\u00ecbero.<\/span><\/p>\n\n\n\n<p><span style=\"font-weight: 400;\"><b> S. I a.C. i Romani arrivarono qui e rasero al suolo quello che trovarono<\/b><span style=\"font-weight: 400;\">, creando un nuovo insediamento che, <\/span><b>quando l\u2019impero cadde in Occidente nel S. V, i visigoti presero sotto il loro controllo.<\/b><span style=\"font-weight: 400;\"> A nord-est della riva destra del fiume Carri\u00f2n costruirono un castello di cui oggi non rimengono tracce.<\/span><\/span><\/p>\n\n\n\n<p><span style=\"font-weight: 400;\">Gli arabi prendono possesso di questa fortezza nel S.VIII, chiamandola Monte Argel. Dal <\/span><b>tentativo di un cavaliere asturiano dei tempi di Alfonso II \u201cel Casto\u201d di riconquistare la cittadella dagli arabi nasce una delle leggede pi\u00f9 famose della citt\u00e0 <\/b><span style=\"font-weight: 400;\">che, anche se ingegnosa, non \u00e8 esattamente una \u201dnovit\u00e0\u201d storicamente parlando. <\/span><\/p>\n\n\n\n<p><span style=\"font-weight: 400;\">Nell\u2019 <\/span><i><span style=\"font-weight: 400;\">\u201cIliade\u201d <\/span><\/i><span style=\"font-weight: 400;\">Omero narra come l\u2019esercito degli Achei riusc\u00ec ad entrare a Troia dopo anni di assedio. Racconta che i greci simularono una ritirata, lasciando un cavallo dal ventre cavo alle porte della citt\u00e0, e che i troiani, credendo che si trattasse di un dono per la dea Atena,lo portarono dentro alle mura cittadine. Alla notte, i guerrieri greci nascosti nel ventre del cavallo aprirono le porte della citt\u00e0 e l\u2019esercito la devast\u00f2.<\/span><\/p>\n\n\n\n<p><span style=\"font-weight: 400;\">In questo caso, <\/span><b>si dice che i cristiani usarono carri di carbone, invece che un cavallo come a Troia, per riscattare il castello di Monte Argel<\/b><span style=\"font-weight: 400;\">. Misero armi tra il carbone e si travestirono da carbonai, facendo finta davanti agli arabi di voler entrare nel castello solo per vendere la loro mercanzia. Quando entrarono, aprirono il fuoco e quando gli arabi fuggirono dal castello caddero nell\u2019imboscata dell\u2019esercito cristiano, che li aspettava fuori dalle porte.<\/span><\/p>\n\n\n\n<figure class=\"wp-block-image alignleft is-resized\"><a href=\"https:\/\/www.tournride.com\/wp-content\/uploads\/2016\/12\/Imagen_Carrion_de_los_Condes.jpg\"><img loading=\"lazy\" decoding=\"async\" width=\"590\" height=\"372\" src=\"https:\/\/www.tournride.com\/wp-content\/uploads\/2016\/12\/Imagen_Carrion_de_los_Condes.jpg\" alt=\"Iglesia de Nuestra Se\u00f1ora de Bel\u00e9n al lado del R\u00edo Carri\u00f3n, antiguo emplazamiento del castillo medieval Monte Argel\" class=\"wp-image-1500\" style=\"width:481px;height:auto\" title=\"\" srcset=\"https:\/\/www.tournride.com\/wp-content\/uploads\/2016\/12\/Imagen_Carrion_de_los_Condes.jpg 590w, https:\/\/www.tournride.com\/wp-content\/uploads\/2016\/12\/Imagen_Carrion_de_los_Condes-300x189.jpg 300w\" sizes=\"auto, (max-width: 590px) 100vw, 590px\" \/><\/a><figcaption class=\"wp-element-caption\">Chiesa di Nuestra Se\u00f1ora de Bel\u00e9n accanto al R\u00eco Carri\u00f2n, antico sito del castello medievale Monte Argel<\/figcaption><\/figure>\n\n\n\n<p><span style=\"font-weight: 400;\">Grazie a questa tecnica ingegnosa, <\/span><b>il castello torn\u00f2 in mano ai cristiani e, l\u00ec intorno inizi\u00f2 a svilupparsi un nucleo abitato, che arriv\u00f2 ad essere piuttosto importante nel Medio Evo<\/b><span style=\"font-weight: 400;\">. L\u2019installazione era inizialmente un \u201ccondado\u201d (contea), cio\u00e8 un territorio retto da un conte che dipendeva dalla famiglia reale. Le visite reali donarono alla citt\u00e0 molta importanza e molte famiglie di alto lignaggio si concentrarono l\u00ec.<\/span><\/p>\n\n\n\n<p><span style=\"font-weight: 400;\">Di fatto, <\/span><b>il nome di \u201clos Condes\u201d (I Conti) deriva dal fatto che ci furono diverse lotte di potere tra le famiglie per controllare il sito <\/b><span style=\"font-weight: 400;\"><strong>e, nel S. XV, tre famiglie differenti di conti firmarono un patto per non perdere il potere di fronte ad un altra famiglia di conti<\/strong>. Carri\u00f2n rimarr\u00e0 una contea fino a che cambi\u00f2 l\u2019ordine territoriale e si convertir\u00e1 in un municipio, ormai nell\u2019Et\u00e0 Moderna. <\/span><\/p>\n\n\n\n<p><b>Lo splendore del Medio Evo crebbe con la costruzione di una gran quantit\u00e0 di edifici di grande valore artistico, sia civili che religiosi.<\/b><span style=\"font-weight: 400;\"> Nei monasteri si concentravano molti ordini religiosi\u2013 diretti dalla gran parte della nobilt\u00e1 delle famiglie di Carri\u00f2n\u2013 e la classe alta costru\u00ed case blasonate di pietra. Inoltre, Carri\u00f2n rivestiva una grande importanza commerciale ed era fermata obbligatoria del Cammino Francese. Si verificava quindi in questa localit\u00e0 un gran flusso di persone e merci. Arriv\u00f2 ad avere <\/span><b>addirittura 15 ospedali per malati e pellegrini e alla fine del S. XV contava 6000 abitanti<\/b><span style=\"font-weight: 400;\">.<\/span><\/p>\n\n\n\n<p><span style=\"font-weight: 400;\">Oltre che per tutto questo, dal S. XI Carri\u00f2n aveva anche guadagnato notoriet\u00e0 <\/span><b>perch\u00e8 una famiglia di principi non ereditari port\u00f2 in un monastero di questa localit\u00e0 delle importanti reliquie di santi romani. <\/b><span style=\"font-weight: 400;\">Tra questi, quelle di <\/span><b>San Zoilo, <\/b><span style=\"font-weight: 400;\">un martire decapitato a C\u00f2rdoba per aver predicato nel S. IV, quando il cristianesimo era ancora perseguitato. <\/span><\/p>\n\n\n\n<p><b>Nel S. XVI la planimentria della citt\u00e0 era gi\u00e0 simile a quella che vediamo ora, ma inizia ad avanzare una recessione causata dalla peste e dalle eccessive tasse <\/b>q<span style=\"font-weight: 400;\">che venivano applicate, che fecero diminuire il commercio. Inoltre, il pellegrinaggio non portava lo stesso flusso di persone che i secoli precedenti. Arriv\u00f2 a contare circa 600 abitanti, ma grazie all\u2019introduzione da parte del re di un \u201cporto franco\u201d settimanale (libero da imposte) inizi\u00f2 a rifiorire e, con esso, la vita a Carri\u00f2n. <\/span><b>Nel S. XVII arriv\u00f2 a commerciare addirittura con Flandes o Francia <\/b><span style=\"font-weight: 400;\">e nel secolo seguente la situazione si mantenne stabile.<\/span><\/p>\n\n\n\n<p><span style=\"font-weight: 400;\">Nel S. XIX avviene uno degli accadimenti pi\u00f9 tragici per la citt\u00e0. Con l\u2019occupazione napoleonica in Spagna si scatena la Guerra di Indipendenza e Carri\u00f2n de los Condes si converte nello scenario dello scontro. Il capo della resistenza castigliana decise di incendiare tutti gli edifici importanti di Carri\u00f2n <span style=\"font-weight: 400;\">per evitare che i francesi arrivassero e ne prendessono potere e ci si rifugiassero. Bruciarono conventi e chiese e, ancora pi\u00f9 importante, tutti gli archivi dove erano custoditi i documenti storici di Carri\u00f2n de los Condes. <\/span><\/span><\/p>\n\n\n\n<p><span style=\"font-weight: 400;\">Questo incendio, sommato alla confisca \u2013 che svuot\u00f2 tutti i conventi maschili della citt\u00e0 \u2013 cambi\u00f2 moltissimo l\u2019urbanizzazione. Parte degli edifici incendiati o abbandonati vennero usati per costruirne altri nuovi, come il Municipio o la Piazza del Mercato. Carri\u00f2n de los Condes durante questo secolo e il seguente segu\u00ec un percorso di modernizzazione, diventando alla fine l\u2019attrattiva localit\u00e0 che vediamo oggi. <\/span><\/p>\n\n\n\n<h3 class=\"wp-block-heading\" id=\"cominciamo-a-camminare-e-per-cambiare-andiamo-da-est-verso-ovest-dal-convento-de-santa-clara-allinteressante-facciata-della-chiesa-di-santiago\"><b>Cominciamo a camminare e, per cambiare\u2026 andiamo da est verso ovest! Dal convento de Santa Clara all\u2019interessante facciata della chiesa di Santiago<\/b><\/h3>\n\n\n\n<p><span style=\"font-weight: 400;\">Usciamo dal lato sudest di Carri\u00f2n, vicino a dove siamo entrati sulla P-980. L\u00ec si trova il<\/span><b> Monastero Reale di Santa Chiara<\/b><span style=\"font-weight: 400;\">, la nostra prima fermata.<\/span><\/p>\n\n\n\n<p><span style=\"font-weight: 400;\">Santa Chiara era italiana e fu la prima donna a scrivere una regola monastica per donne, nel S. XIII. <strong>Due discepole dirette di Santa Chiara fondarono questo convento nell\u2019anno 1231, e questo lo rende uno dei pi\u00f9 antichi di Spagna.<\/strong>. Inoltre, occupa una grande estensione di terreno ed ha funzionato in maniera quasi continua.<\/span><\/p>\n\n\n\n<figure class=\"wp-block-image aligncenter size-full\"><a href=\"https:\/\/www.tournride.com\/wp-content\/uploads\/2016\/12\/e3a42a8e9f1ac83e69492ed51ec5549a-1.jpg\"><img loading=\"lazy\" decoding=\"async\" width=\"980\" height=\"735\" src=\"https:\/\/www.tournride.com\/wp-content\/uploads\/2016\/12\/e3a42a8e9f1ac83e69492ed51ec5549a-1.jpg\" alt=\"Real Monasterio de Santa Clara\" class=\"wp-image-1503\" title=\"\" srcset=\"https:\/\/www.tournride.com\/wp-content\/uploads\/2016\/12\/e3a42a8e9f1ac83e69492ed51ec5549a-1.jpg 980w, https:\/\/www.tournride.com\/wp-content\/uploads\/2016\/12\/e3a42a8e9f1ac83e69492ed51ec5549a-1-300x225.jpg 300w, https:\/\/www.tournride.com\/wp-content\/uploads\/2016\/12\/e3a42a8e9f1ac83e69492ed51ec5549a-1-768x576.jpg 768w\" sizes=\"auto, (max-width: 980px) 100vw, 980px\" \/><\/a><figcaption class=\"wp-element-caption\">Real Monastero Reale di Santa Chiara (Fotografia ceduta da Lala)<\/figcaption><\/figure>\n\n\n\n<p><span style=\"font-weight: 400;\">Architettonicamente, resta poco dell\u2019edificio originale del S. XIII. <\/span><b>Quello che vediamo oggi \u00e8 la sovrapposizione di restauri, il pi\u00f9 importante del S. XVII<\/b><span style=\"font-weight: 400;\">, che avvenne quando il monastero raggiunse il suo massimo spendore durante la reggenza di Suor Luisa dell\u2019Ascensione. Questa abbadessa divenne molto influente. Di fatto, fu ella che ottenne dal re di organizzare una fiera libera da tasse per tornare a far fiorire il commercio dopo la recessione del S. XVI. <\/span><\/p>\n\n\n\n<p><span style=\"font-weight: 400;\">Si dice che il monastero <\/span><b>sopravvisse in buono stato durante la Guerra di Indipendenza grazie all\u2019astuzia delle monache che fecero un patto con in Francesi <\/b><span style=\"font-weight: 400;\">secondo cui le monache avrebbero loro offerto tutti i pomeriggi una cioccolata calda se rispettavano il monastero. Che sia vero o no, il monastero pass\u00f2 indenne la guerra e, di fatto, le monache che oggi vivono l\u00ec continuano a preparare tipici dolci. <\/span><\/p>\n\n\n\n<figure class=\"wp-block-image alignright\"><a href=\"https:\/\/www.tournride.com\/wp-content\/uploads\/2016\/12\/Carri\u00f3n_de_los_Condes_-_Iglesia_de_Santiago_01.jpg\"><img loading=\"lazy\" decoding=\"async\" width=\"400\" height=\"600\" src=\"https:\/\/www.tournride.com\/wp-content\/uploads\/2016\/12\/Carri\u00f3n_de_los_Condes_-_Iglesia_de_Santiago_01.jpg\" alt=\"Iglesia de Santiago\" class=\"wp-image-1504\" title=\"\" srcset=\"https:\/\/www.tournride.com\/wp-content\/uploads\/2016\/12\/Carri\u00f3n_de_los_Condes_-_Iglesia_de_Santiago_01.jpg 400w, https:\/\/www.tournride.com\/wp-content\/uploads\/2016\/12\/Carri\u00f3n_de_los_Condes_-_Iglesia_de_Santiago_01-200x300.jpg 200w\" sizes=\"auto, (max-width: 400px) 100vw, 400px\" \/><\/a><figcaption class=\"wp-element-caption\">Chiesa di Santiago (Fotografia ceduta da Zarateman)<\/figcaption><\/figure>\n\n\n\n<p><span style=\"font-weight: 400;\">Il convento ospita oggi un museo, tra i cui beni spicca l\u2019impressionante <\/span><b> collezione di presepi del mondo<\/b><span style=\"font-weight: 400;\">: statuette che rappresentano la nascita di Ges\u00f9, portate da tutto il mondo. Vale anche la pena visitare la chiesa, con la sua pala d\u2019altare incentrata su una scultura di Santa Chiara. <\/span><\/p>\n\n\n\n<p><span style=\"font-weight: 400;\">Alla porta nord si trova un pozzo. Visto che molti pellegrini a piedi bevevano da questo pozzo, fu chiamato il <\/span><b>pozzo \u201cdei Pellegrini\u201d o \u201cdella Salute\u201d<\/b><span style=\"font-weight: 400;\">. Si considerava che questa fonte fosse esattamente alla met\u00e0 del Cammino di Santiago venendo dalla Francia, anche se oggi si ritiene che questo punto sia un poco pi\u00f9 avanti, oltre Sahag\u00fan. <\/span><\/p>\n\n\n\n<p><b>Seguendo calle di Santa Chiara e attraversando la strada, passiamo per il chiosco di informazione turistica e arriviamo alla chiesa di Santa Maria del Cammino<\/b><span style=\"font-weight: 400;\">. In questo tempio del S. XII, di notevoli dimensioni per essere romanico, tutti i pomeriggi viene celebrata una messa di Benedizione dei Pellegrini.<\/span><\/p>\n\n\n\n<p><span style=\"font-weight: 400;\">Percorrendo tutta la via pedonale, punteggiata da locali e negozi \u2013 molti di questi specializzati in servizi ai pellegrini \u2013 arriviamo a Piazza Maggiore. Questo sar\u00e0 il punto in cui ci fermeremo ma, prima, proseguiremo la nostra visita andando verso la <\/span><b>chiesa-museo di Santiago, , che si trova proprio nell\u2019area pedonale e fa parte del patrimonio pi\u00f9 importante di Carri\u00f2n. Ci soffermeremo principalmente sulla sua bellissima facciata principale. <\/b><\/p>\n\n\n\n<figure class=\"wp-block-image alignleft is-resized\"><a href=\"https:\/\/www.tournride.com\/wp-content\/uploads\/2016\/12\/2483759797_14536689b5_z.jpg\"><img loading=\"lazy\" decoding=\"async\" width=\"640\" height=\"408\" src=\"https:\/\/www.tournride.com\/wp-content\/uploads\/2016\/12\/2483759797_14536689b5_z.jpg\" alt=\"Portada de la Iglesia de Santiago\" class=\"wp-image-1505\" style=\"width:563px;height:auto\" title=\"\" srcset=\"https:\/\/www.tournride.com\/wp-content\/uploads\/2016\/12\/2483759797_14536689b5_z.jpg 640w, https:\/\/www.tournride.com\/wp-content\/uploads\/2016\/12\/2483759797_14536689b5_z-300x191.jpg 300w\" sizes=\"auto, (max-width: 640px) 100vw, 640px\" \/><\/a><figcaption class=\"wp-element-caption\">Facciata della Chiesa di Santiago (Fotografia ceduta da Jos\u00e9 Luis Filpo)<\/figcaption><\/figure>\n\n\n\n<p><span style=\"font-weight: 400;\"><strong>Quello che oggi \u00e8 la chiesa di Santiago, formava parte di un congiunto monastico costruito nel S. XII, che contava anche con un ospedale di pellegrini.<\/strong> Nonostante sia stato uno degli edifici pi\u00f9 colpiti dall\u2019incendio del 1811, parte della chiesa sopravvisse e nel 1931 fu dichiarata Monumento Storico Artistico e, nel 2000, Bene di Interesse Culturale. La sua ricostruzione dopo l\u2019incendio fu portata a termine nel 1849, momento in cui venne anche creata Piazza Maggiore e il Municipio di fronte \u2013 tutto questo con materiale proveniente da antichi conventi-.<\/span><\/p>\n\n\n\n<figure class=\"wp-block-image alignright\"><a href=\"https:\/\/www.tournride.com\/wp-content\/uploads\/2016\/12\/Carrio\u0301n_de_los_Condes-zarateman.jpg\"><img loading=\"lazy\" decoding=\"async\" width=\"200\" height=\"300\" src=\"https:\/\/www.tournride.com\/wp-content\/uploads\/2016\/12\/Carrio\u0301n_de_los_Condes-zarateman-200x300.jpg\" alt=\"Capitel &quot;del Bien&quot; en la portada de la iglesia de Santiago\" class=\"wp-image-1534\" title=\"\" srcset=\"https:\/\/www.tournride.com\/wp-content\/uploads\/2016\/12\/Carrio\u0301n_de_los_Condes-zarateman-200x300.jpg 200w, https:\/\/www.tournride.com\/wp-content\/uploads\/2016\/12\/Carrio\u0301n_de_los_Condes-zarateman.jpg 512w\" sizes=\"auto, (max-width: 200px) 100vw, 200px\" \/><\/a><figcaption class=\"wp-element-caption\">Capitello \u201cdel Bene\u201d sulla facciata della chiesa di Santiago (Fotografia ceduta da Zarateman)<\/figcaption><\/figure>\n\n\n\n<p><span style=\"font-weight: 400;\">Oltre alla collezione museale che ospita al suo interno, <\/span><b>La sua facciata principale, medievale, \u00e8 veramente degna di nota<\/b><span style=\"font-weight: 400;\">. Vediamo l\u00ec una porta a forma di arco con un fregio orizzontale superiore che corre lungo tutta la facciata. L\u2019arco che si trova a destra e che d\u00e0 accesso al viale che costeggia la chiesa, fa parte dell\u2019antico monastero.<\/span><\/p>\n\n\n\n<p><b>La porta della chiesa di Santiago \u00e8 decorata da un impressionante archivolto ricco di figure che, in questo caso, non rappresentano personaggi biblici ma piuttosto i mestieri medievali che si svolgevano a Carri\u00f2n durante il Medio Evo<\/b><span style=\"font-weight: 400;\">. Ci sono 22 figure umane e ognuna rappresenta un mestiere differente: maniscalco (rappresentato con il cappello ebraico), alchimista, calzolaio, menestrello, scrivano, monaco, arpista, giudice, guerriero, prefica, sarto\u2026 Attira l\u2019attenzione, a livello di curiosit\u00e0, la notevole figura sulla destra, che rappresenta una ballerina contorsionista, in una posizione quasi impossibile e vestita in modo provocante. <\/span><\/p>\n\n\n\n<p><span style=\"font-weight: 400;\"><strong>Sotto l\u2019arco, due colonne con capitelli incisi incorniciano la porta. In quello di sinistra vediamo il Bene<\/strong>Sotto l\u2019arco, due colonne con capitelli incisi incorniciano la porta. In quello di sinistra vediamo il Bene, sotto forma di due protettori che impediscono che un un leone (il demonio) si porti via l\u2019anima di una persona mentre la trasportano verso il cielo <strong>In quello a destra, invece, si rappresenta il contrario: il Male<\/strong> come tortura di un uomo nudo che viene continuamente morso da alcuni cani senza essere mai ucciso. <\/span><\/p>\n\n\n\n<figure class=\"wp-block-image alignleft\"><a href=\"https:\/\/www.tournride.com\/wp-content\/uploads\/2016\/12\/14860652442_3ebed3920d_z.jpg\"><img loading=\"lazy\" decoding=\"async\" width=\"640\" height=\"392\" src=\"https:\/\/www.tournride.com\/wp-content\/uploads\/2016\/12\/14860652442_3ebed3920d_z.jpg\" alt=\"Pant\u00f3crator en Carri\u00f3n de los Condes\" class=\"wp-image-1506\" title=\"\" srcset=\"https:\/\/www.tournride.com\/wp-content\/uploads\/2016\/12\/14860652442_3ebed3920d_z.jpg 640w, https:\/\/www.tournride.com\/wp-content\/uploads\/2016\/12\/14860652442_3ebed3920d_z-300x184.jpg 300w\" sizes=\"auto, (max-width: 640px) 100vw, 640px\" \/><\/a><figcaption class=\"wp-element-caption\">Pantocrate a Carri\u00f2n de los Condes (Fotografia ceduta da Miguel \u00c0ngel Garc\u00eca)<\/figcaption><\/figure>\n\n\n\n<p><span style=\"font-weight: 400;\">Sopra la porta <\/span><b>vediamo un fregio che ci pu\u00f2 ricordare quello che abbiamo visto a Villalc\u00e0zar de Sirga, con un Cristo Pantocrate <\/b><span style=\"font-weight: 400;\">nel mezzo. Circondato dai quattro apostoli rappresentati dai loro simboli: Matteo un angelo, Marco un leone, Luca un toro e Giovanni un\u2019aquila. Accanto, sono rappresentati gli apostoli, in gruppi di sei. <\/span><\/p>\n\n\n\n<p><span style=\"font-weight: 400;\">I realt\u00e0, tutto <\/span><b>il muro della chiesa ha un significato<\/b><span style=\"font-weight: 400;\">. Sopra si trova Cristo come giudice e circondato dai suoi congiunti, coloro che, grazie ai propri meriti durante la vita si sono meritati un posto con Lui in Paradiso. Il libro delle leggi \u00e8 chiuso perch\u00e8 ancora non \u00e8 arrivato il Giorno del Giudizio. Sotto ci siamo noi, la societ\u00e0 \u2013 in quel momento la societ\u00e0 medievale &#8211; portando avanti le nostre attivit\u00e0 della vita quotidiana. Se ci \u201ccomportiamo bene\u201d andremo verso la destra di Dio (il Bene) mentre se ci \u201ccomportiamo male\u201d, alla sua sinistra. <\/span><\/p>\n\n\n\n<p><span style=\"font-weight: 400;\">Anche se al giorno d\u2019oggi ci sembra molto difficile da decifrare, la gente nel Medio Evo lo intendeva immediatamente. Era una simbologia a cui erano abituati e si usava per istruire e guidare il popolo. Sarebbero come, cercando un\u2019analogia nel mondo contemporaneo, i nostri segnali stradali \u2013 che noi comprendiamo ma che un abitante del medioevo non capirebbe-.<\/span><\/p>\n\n\n\n<h3 class=\"wp-block-heading\" id=\"continuiamo-verso-la-chiesa-di-san-andres-e-attraversiamo-il-ponte-a-san-zoilo\"><b>Continuiamo verso la chiesa di San Andr\u00e9s e attraversiamo il ponte a San Zoilo<\/b><\/h3>\n\n\n\n<p><span style=\"font-weight: 400;\">Proseguiamo lungo la via pedonale fino a che diventa di nuovo carrozzabile e, in calle Hortaleza, giriamo a destra per visitare <\/span><b>la chiesa di San Andr\u00e9s, nota come la \u201cCattedrale di Carri\u00f2n de los Condes\u201d<\/b><span style=\"font-weight: 400;\">. Anche se precedentemente qui c\u2019era una chiesa romanica, nel XVI fu sostituita dalla chiesa che vediamo attualmente, secondo un progetto di R. Gil di Honta\u00f1\u00f2n &#8211; maestro di cui abbiamo gi\u00e0 parlato per il suo progetto di San Juan a Castrojeriz-. L\u2019interno \u00e8 lumonoso e di grandi dimensioni.<\/span><\/p>\n\n\n\n<p><span style=\"font-weight: 400;\">Uscendo dalla chiesa<\/span><b> percorriamo tutta calle Hortaleza fino al Ponte Maggiore<\/b><span style=\"font-weight: 400;\">. Questo ponte \u00e8 una ricostruzione del S. XVI. Il primo ponte era del S. XI, e fu costruito per unire il monastero di San Zolio con la citt\u00e0 di Carri\u00f2n \u2013 anche se in quel momento entrambi i territori funzionavano in modo indipendente -.<strong>Il ponte originale aveva porte ai suoi estremi, dove si richiedeva un pedaggio sia ai commercianti sia ai pellegrini<\/strong>. Per questo, alcune persone lasciavano nel loro testamento del denaro per pagare il pedaggio ad un certo numero di poveri o di pellegrini, come opera di bene. <\/span><\/p>\n\n\n\n<figure class=\"wp-block-image size-full\"><a href=\"https:\/\/www.tournride.com\/wp-content\/uploads\/2016\/12\/160.jpg\"><img loading=\"lazy\" decoding=\"async\" width=\"2733\" height=\"1789\" src=\"https:\/\/www.tournride.com\/wp-content\/uploads\/2016\/12\/160.jpg\" alt=\"Puente sobre el R\u00edo Carri\u00f3n, en Carri\u00f3n de los Condes\" class=\"wp-image-1507\" title=\"\" srcset=\"https:\/\/www.tournride.com\/wp-content\/uploads\/2016\/12\/160.jpg 2733w, https:\/\/www.tournride.com\/wp-content\/uploads\/2016\/12\/160-300x196.jpg 300w, https:\/\/www.tournride.com\/wp-content\/uploads\/2016\/12\/160-768x503.jpg 768w, https:\/\/www.tournride.com\/wp-content\/uploads\/2016\/12\/160-1024x670.jpg 1024w\" sizes=\"auto, (max-width: 2733px) 100vw, 2733px\" \/><\/a><figcaption class=\"wp-element-caption\">Ponte sul fiume Carri\u00f2n, a Carri\u00f2n de los Condes (Fotografia ceduta da Diario de un Caminante)<\/figcaption><\/figure>\n\n\n\n<p><span style=\"font-weight: 400;\"><br>Dopo aver attraversato il ponte vedremo di fronte a noi, a solo 200 metri, la facciata borocca del <\/span><b>Monastero di San Zoilo, che oggi funge da hotel<\/b><span style=\"font-weight: 400;\">. Questo monastero era noto tra i pellegrini medievali perch\u00e8, come<a aria-label=\"More information about:  Etapa 4 Estella Logrono\" href=\"https:\/\/www.tournride.com\/es\/etapa-4-estella-logrono\/\"> oggi a Iratxe viene regalato vino,<\/a>qui veniva dato ai pellegrini tutto il pane e il vino che desideravano. Oltre ai pellegrini, ci andavano i re e, di fatto, qui si spos\u00f2 Fernando III il Santo nel S. XIII. <\/span><\/p>\n\n\n\n<figure class=\"wp-block-image aligncenter size-full\"><a href=\"https:\/\/www.tournride.com\/wp-content\/uploads\/2016\/12\/10176027853_ef9a22e2c4_k.jpg\"><img loading=\"lazy\" decoding=\"async\" width=\"2048\" height=\"1137\" src=\"https:\/\/www.tournride.com\/wp-content\/uploads\/2016\/12\/10176027853_ef9a22e2c4_k.jpg\" alt=\"Foto del Monasterio de San Zoilo con los jardines y \u00e1rboles al fondo\" class=\"wp-image-1508\" title=\"\" srcset=\"https:\/\/www.tournride.com\/wp-content\/uploads\/2016\/12\/10176027853_ef9a22e2c4_k.jpg 2048w, https:\/\/www.tournride.com\/wp-content\/uploads\/2016\/12\/10176027853_ef9a22e2c4_k-300x167.jpg 300w, https:\/\/www.tournride.com\/wp-content\/uploads\/2016\/12\/10176027853_ef9a22e2c4_k-768x426.jpg 768w, https:\/\/www.tournride.com\/wp-content\/uploads\/2016\/12\/10176027853_ef9a22e2c4_k-1024x569.jpg 1024w\" sizes=\"auto, (max-width: 2048px) 100vw, 2048px\" \/><\/a><figcaption class=\"wp-element-caption\">Monastero di San Zoilo (Fotografia ceduta da Miguel \u00c0ngel Garc\u00eca)<\/figcaption><\/figure>\n\n\n\n<p><span style=\"font-weight: 400;\">Dell\u2019edificio originale resta poco e, del suo insieme risalta soprattutto il chiostro del S. XVI. Gli scultori che parteciparono, decorarono profusamente colonne e capitelli, cos\u00ec come le volte dell\u2019interno porticato.<br><\/span><\/p>\n\n\n\n<figure class=\"wp-block-image aligncenter size-full\"><a href=\"https:\/\/www.tournride.com\/wp-content\/uploads\/2016\/12\/Carri\u00f3n_de_Los_Condes_006_Saint_Zoilo_001_Cloister.jpg\"><img loading=\"lazy\" decoding=\"async\" width=\"1920\" height=\"963\" src=\"https:\/\/www.tournride.com\/wp-content\/uploads\/2016\/12\/Carri\u00f3n_de_Los_Condes_006_Saint_Zoilo_001_Cloister.jpg\" alt=\"Claustro del Monasterio de San Zoilo en un d\u00eda soleado\" class=\"wp-image-1509\" title=\"\" srcset=\"https:\/\/www.tournride.com\/wp-content\/uploads\/2016\/12\/Carri\u00f3n_de_Los_Condes_006_Saint_Zoilo_001_Cloister.jpg 1920w, https:\/\/www.tournride.com\/wp-content\/uploads\/2016\/12\/Carri\u00f3n_de_Los_Condes_006_Saint_Zoilo_001_Cloister-300x150.jpg 300w, https:\/\/www.tournride.com\/wp-content\/uploads\/2016\/12\/Carri\u00f3n_de_Los_Condes_006_Saint_Zoilo_001_Cloister-768x385.jpg 768w, https:\/\/www.tournride.com\/wp-content\/uploads\/2016\/12\/Carri\u00f3n_de_Los_Condes_006_Saint_Zoilo_001_Cloister-1024x514.jpg 1024w\" sizes=\"auto, (max-width: 1920px) 100vw, 1920px\" \/><\/a><figcaption class=\"wp-element-caption\">Chiostro del Monastero di San Zoilo (Fotografia ceduta da Valdavia)<\/figcaption><\/figure>\n\n\n\n<h3 class=\"wp-block-heading\" id=\"terminiamo-ritornando-alla-riva-est-del-fiume-carrion-visita-agli-edifici-civili-e-meritato-festino-nei-dintorni-di-piazza-maggiore\"><b>Terminiamo ritornando alla riva est del fiume Carri\u00f2n: visita agli edifici civili e meritato festino nei dintorni di Piazza Maggiore<\/b><\/h3>\n\n\n\n<p><span style=\"font-weight: 400;\">Dopo questa visita attraverseremo di nuovo il ponte e quindi giriamo a destra seguendo la riva del fiume. In calle Ruiz Gir\u00f2n, che attraversiamo in pochi metri, possiamo dare un\u2019occhiata a una delle poche case di grandi famiglie aristocratoche che si conservano al giorno d\u2019oggi, visto che la maggior parte fu distrutta nell\u2019incendio del 1811. <\/span><b>La Casa Gir\u00f2n <\/b><span style=\"font-weight: 400;\">\u00e8 del XVIII e nella sua facciata possiamo ammirare gli scudi della famiglia cos\u00ec come le belle ringhiere. <\/span><\/p>\n\n\n\n<p><span style=\"font-weight: 400;\">Torniamo su calle Adolfo Su\u00e0rez e giriamo a sinistra arrivando, in meno di 100 metri, alla Piazza Maggiore. L\u00ec potremo vedere il <\/span><b>Municipio<\/b><span style=\"font-weight: 400;\">, costruito nel 1868 dopo che l\u2019incendio distrusse la versione precedente. Si tratta di un edificio di grande solidit\u00e0, con una base di pietra che proviene da abbazie e conventi ormai scomparsi.<\/span><\/p>\n\n\n\n<figure class=\"wp-block-image alignleft is-resized\"><a href=\"https:\/\/www.tournride.com\/wp-content\/uploads\/2016\/12\/12573627864_43ed40c05f_z.jpg\"><img loading=\"lazy\" decoding=\"async\" width=\"640\" height=\"425\" src=\"https:\/\/www.tournride.com\/wp-content\/uploads\/2016\/12\/12573627864_43ed40c05f_z.jpg\" alt=\"Plaza Mayor de Carri\u00f3n de los Condes\" class=\"wp-image-1510\" style=\"width:582px;height:auto\" title=\"\" srcset=\"https:\/\/www.tournride.com\/wp-content\/uploads\/2016\/12\/12573627864_43ed40c05f_z.jpg 640w, https:\/\/www.tournride.com\/wp-content\/uploads\/2016\/12\/12573627864_43ed40c05f_z-300x199.jpg 300w\" sizes=\"auto, (max-width: 640px) 100vw, 640px\" \/><\/a><figcaption class=\"wp-element-caption\">Piazza Maggiore di Carri\u00f2n de los Condes (Fotografia ceduta da Santiago Abella)<\/figcaption><\/figure>\n\n\n\n<p><span style=\"font-weight: 400;\">Vicino alla piazza, cuore pulsante di Carri\u00f2n de los Condes, si trovano un <\/span><b>gran numero di locali che offrono accoglienza turistica in cui potremo goderci il meglio della gastronomia palentina: arrosti, agnelli da latte, granchi del Pisuerga, ecc.<\/b><span style=\"font-weight: 400;\"> Se vi piacciono i dolci, sappiate che questa localit\u00e1 ospita una gran tradizione pasticciera di eredit\u00e0 monastica. A Carri\u00f2n sono particolarmente note le garrapi\u00f1adas (frutti secchi glassati e croccanti) e le paste sfoglie. <\/span><\/p>\n\n\n\n<p><span style=\"font-weight: 400;\">Dovo aver chiuso questa lunga tappa con una visita completa come questa, ci manca solo riposare un po\u2019 per affrontare la tappa di domani nella miglior forma mentale e fisica. <\/span><b>Domani entreremo a Le\u00f2n<\/b><span style=\"font-weight: 400;\">, in una tappa che sar\u00e0 la pi\u00f9 lunga in termini di km, anche se con un profilo tranquillo. Passando Sahag\u00fan, avremo gi\u00e0 percorso la met\u00e0 dell\u2019itinerario verso Santiago. <\/span><\/p>\n\n\n\n<p><b>Pronti per passare l\u2019equatore del vostro cammino?<\/b><\/p>\n\n\n\n<div class=\"wp-block-rank-math-toc-block\" id=\"rank-math-toc\"><h2>Sommario<\/h2><nav><ul><li class=\"\"><a href=\"#cammino-francese-in-bicicletta\">CAMMINO FRANCESE IN BICICLETTA<\/a><\/li><li class=\"\"><a href=\"#da-burgos-a-carrion-de-los-condes\">DA BURGOS A CARRI\u00d3N DE LOS CONDES<\/a><\/li><li class=\"\"><a href=\"#usciamo-da-burgos-e-attraversiamo-le-campagne-fino-a-cadere-ad-hontanas\">USCIAMO DA BURGOS E ATTRAVERSIAMO LE CAMPAGNE FINO A \u201cCADERE\u201d AD HONTANAS<\/a><\/li><li class=\"\"><a href=\"#respiriamo-la-magia-del-convento-di-san-anton-e-arriviamo-a-castrojeriz-ultima-localita-burgolese\">RESPIRIAMO LA MAGIA DEL CONVENTO DI SAN ANT\u00d2N E ARRIVIAMO A CASTROJERIZ, ULTIMA LOCALITA\u2019 BURGOLESE<\/a><\/li><li class=\"\"><a href=\"#a-boadilla-del-cammino-attraversiamo-lalto-di-mostelares-e-entriamo-in-palencia\">A BOADILLA DEL CAMMINO: ATTRAVERSIAMO L\u2019ALTO DI MOSTELARES E ENTRIAMO IN PALENCIA <\/a><\/li><li class=\"\"><a href=\"#il-canale-di-castilla-ci-porta-a-fromista\">IL CANALE DI CASTILLA CI PORTA A FR\u00d2MISTA<\/a><\/li><li class=\"\"><a href=\"#da-fromista-a-villalcazarde-sirga-e-ultimi-chilometri-fino-a-carrion\">DA FR\u00d2MISTA A VILLALC\u00c0ZARDE SIRGA E ULTIMI CHILOMETRI FINO A CARRI\u00d2N <\/a><\/li><li class=\"\"><a href=\"#un-pomeriggio-a-spasso-per-carrion-de-los-condes\">UN POMERIGGIO A SPASSO PER CARRI\u00d2N DE LOS CONDES <\/a><\/li><li class=\"\"><a href=\"#carrion-de-los-condes-dalle-leggende-di-cavalli-di-troia-a-una-moderna-citta-culturale\">Carri\u00f2n de los Condes, dalle leggende di cavalli di Troia a una moderna citt\u00e0 culturale<\/a><\/li><li class=\"\"><a href=\"#cominciamo-a-camminare-e-per-cambiare-andiamo-da-est-verso-ovest-dal-convento-de-santa-clara-allinteressante-facciata-della-chiesa-di-santiago\">Cominciamo a camminare e, per cambiare\u2026 andiamo da est verso ovest! Dal convento de Santa Clara all\u2019interessante facciata della chiesa di Santiago<\/a><\/li><li class=\"\"><a href=\"#continuiamo-verso-la-chiesa-di-san-andres-e-attraversiamo-il-ponte-a-san-zoilo\">Continuiamo verso la chiesa di San Andr\u00e9s e attraversiamo il ponte a San Zoilo<\/a><\/li><li class=\"\"><a href=\"#terminiamo-ritornando-alla-riva-est-del-fiume-carrion-visita-agli-edifici-civili-e-meritato-festino-nei-dintorni-di-piazza-maggiore\">Terminiamo ritornando alla riva est del fiume Carri\u00f2n: visita agli edifici civili e meritato festino nei dintorni di Piazza Maggiore<\/a><\/li><\/ul><\/nav><\/div>\n\n\n<div class=\"tournride-cta-container\">\n            <a class=\"tournride-cta-button\" href=\"https:\/\/www.tournride.com\/it\/?lang=it&#038;utm_source=blog&#038;utm_medium=contenido_web&#038;utm_campaign=tappa-7-da-burgos-a-carrion-de-los-condes-cammino-in-bicicletta&#038;utm_content=it\">Prenota ora la tua bici!<\/a>\n        <\/div>\n","protected":false},"excerpt":{"rendered":"<p>CAMMINO FRANCESE IN BICICLETTA DA BURGOS A CARRI\u00d3N DE LOS CONDES In questa tappa attraverseremo tutta la campagna di Burgos per entrare in Palencia, parte della cosiddetta \u201cTierra de Campos\u201d. Il nostro corpo e la nostra mente si saranno gi\u00e0 abituati percorrere paesaggi molto pi\u00f9 omogenei di quelli precedenti in cui l\u2019altimetria, ben equilibrata, viene [&hellip;]<\/p>\n","protected":false},"author":10,"featured_media":0,"comment_status":"closed","ping_status":"closed","sticky":false,"template":"","format":"standard","meta":{"rank_math_title":"TAPPA 7: DA BURGOS A CARRI\u00d3N DE LOS CONDES - Cammino Francese in Bicicletta","rank_math_description":"Scopri la tappa 7 del Cammino de Santiago Francese da Burgos a Carri\u00f3n de los Condes in bicicletta con TournRide. Pedala tra paesaggi mozzafiato.","rank_math_focus_keyword":"DA BURGOS A CARRI\u00d3N DE LOS CONDES,CAMMINO FRANCESE IN BICICLETTA","rank_math_canonical_url":"","rank_math_facebook_title":"","rank_math_facebook_description":"","rank_math_facebook_image":"","rank_math_twitter_title":"","rank_math_twitter_description":"","rank_math_twitter_image":"","rank_math_twitter_card_type":"","rank_math_twitter_use_facebook":"","rank_math_robots":["index"],"rank_math_advanced_robots":[],"_joinchat":[],"footnotes":""},"categories":[1799,1815],"tags":[4466,4466],"class_list":["post-3038","post","type-post","status-publish","format-standard","hentry","category-tappe-del-cammino","category-inizio","tag-french-route-it"],"_links":{"self":[{"href":"https:\/\/www.tournride.com\/it\/wp-json\/wp\/v2\/posts\/3038","targetHints":{"allow":["GET"]}}],"collection":[{"href":"https:\/\/www.tournride.com\/it\/wp-json\/wp\/v2\/posts"}],"about":[{"href":"https:\/\/www.tournride.com\/it\/wp-json\/wp\/v2\/types\/post"}],"author":[{"embeddable":true,"href":"https:\/\/www.tournride.com\/it\/wp-json\/wp\/v2\/users\/10"}],"replies":[{"embeddable":true,"href":"https:\/\/www.tournride.com\/it\/wp-json\/wp\/v2\/comments?post=3038"}],"version-history":[{"count":1,"href":"https:\/\/www.tournride.com\/it\/wp-json\/wp\/v2\/posts\/3038\/revisions"}],"predecessor-version":[{"id":30811,"href":"https:\/\/www.tournride.com\/it\/wp-json\/wp\/v2\/posts\/3038\/revisions\/30811"}],"wp:attachment":[{"href":"https:\/\/www.tournride.com\/it\/wp-json\/wp\/v2\/media?parent=3038"}],"wp:term":[{"taxonomy":"category","embeddable":true,"href":"https:\/\/www.tournride.com\/it\/wp-json\/wp\/v2\/categories?post=3038"},{"taxonomy":"post_tag","embeddable":true,"href":"https:\/\/www.tournride.com\/it\/wp-json\/wp\/v2\/tags?post=3038"}],"curies":[{"name":"wp","href":"https:\/\/api.w.org\/{rel}","templated":true}]}}