{"id":3017,"date":"2016-08-26T10:27:30","date_gmt":"2016-08-26T09:27:30","guid":{"rendered":"https:\/\/www.tournride.com\/f83b22b844ac07a43a3f1ef6a8e10c29cb09ae7d9fbb052eb44ad624a4f02adapostnamef83b22b844ac07a43a3f1ef6a8e10c29cb09ae7d9fbb052eb44ad624a4f02ada\/"},"modified":"2025-01-02T19:35:24","modified_gmt":"2025-01-02T18:35:24","slug":"il-cammino-francese-presentazione-e-pianificazione-delle-tappe","status":"publish","type":"post","link":"https:\/\/www.tournride.com\/it\/il-cammino-francese-presentazione-e-pianificazione-delle-tappe\/","title":{"rendered":"Il Cammino Francese: Presentazione e pianificazione delle tappe"},"content":{"rendered":"\n<p>Il Cammino Francese \u00e8 il percorso che ha ricevuto pi\u00f9 persone dal momento in cui inizi\u00f2 il pellegrinaggio verso Santiago. Si tratta dell\u2019itinerario pi\u00f9 menzionato in tutte le fonti storiche, il meglio segnalato e meglio dotato di servizi al pellegrino.<\/p>\n\n\n\n<p>Con questa presentazione, vi invitiamo a conoscere un po\u2019 meglio questa rotta millenaria e vi aiutiamo a pianificare la vostra peregrinazione lungo il Cammino Francese.<\/p>\n\n\n\n<figure class=\"wp-block-image alignright\"><a href=\"https:\/\/www.tournride.com\/wp-content\/uploads\/2016\/08\/57.jpg\"><img loading=\"lazy\" decoding=\"async\" width=\"300\" height=\"195\" src=\"https:\/\/www.tournride.com\/wp-content\/uploads\/2016\/08\/57-300x195.jpg\" alt=\"Cammino Francese\" class=\"wp-image-972\" title=\"\" srcset=\"https:\/\/www.tournride.com\/wp-content\/uploads\/2016\/08\/57-300x195.jpg 300w, https:\/\/www.tournride.com\/wp-content\/uploads\/2016\/08\/57-768x500.jpg 768w, https:\/\/www.tournride.com\/wp-content\/uploads\/2016\/08\/57-1024x666.jpg 1024w, https:\/\/www.tournride.com\/wp-content\/uploads\/2016\/08\/57.jpg 1239w\" sizes=\"auto, (max-width: 300px) 100vw, 300px\" \/><\/a><figcaption class=\"wp-element-caption\">Freccia formata con pietre su un sentiero del Cammino Francese (fotografia ceduta da Paul Quayle)<\/figcaption><\/figure>\n\n\n\n<h2 class=\"wp-block-heading\" id=\"storia-del-cammino-francese\"><span style=\"color: #308ec5;\"><strong>STORIA DEL CAMMINO FRANCESE<\/strong><\/span><\/h2>\n\n\n\n<p><strong>Il cosiddetto Cammino Francese \u00e8 la via giacobina per eccellenza <\/strong><span style=\"font-weight: 400;\">e, senza dubbio, la pi\u00f9 frequentata in ogni momento della storia del pellegrinaggio verso Santiago. Molti testi a partire dal S. XI parlano di questo cammino che viene descritto come un \u201cfenomeno di massa\u201d gi\u00e0 in uno scritto redatto<\/span><span style=\"font-weight: 400;\">&nbsp;da un monaco del S. XII, noto oggi come \u201cC\u00f3dice Calixtino\u201d e considerato la prima guida turistica della Storia.&nbsp;<\/span><\/p>\n\n\n\n<h3 class=\"wp-block-heading\" id=\"il-patrocinio-della-chiesa-e-della-corona-inizio-a-definire-un-itinerario\">Il patrocinio della Chiesa e della Corona inizi\u00f2 a definire un itinerario<\/h3>\n\n\n\n<figure class=\"wp-block-image alignleft\"><a href=\"https:\/\/www.tournride.com\/wp-content\/uploads\/2016\/08\/10176027853_ef9a22e2c4_k.jpg\"><img loading=\"lazy\" decoding=\"async\" width=\"300\" height=\"167\" src=\"https:\/\/www.tournride.com\/wp-content\/uploads\/2016\/08\/10176027853_ef9a22e2c4_k-300x167.jpg\" alt=\"Cluny, Camino de Santiago\" class=\"wp-image-1003\" title=\"\" srcset=\"https:\/\/www.tournride.com\/wp-content\/uploads\/2016\/08\/10176027853_ef9a22e2c4_k-300x167.jpg 300w, https:\/\/www.tournride.com\/wp-content\/uploads\/2016\/08\/10176027853_ef9a22e2c4_k-768x426.jpg 768w, https:\/\/www.tournride.com\/wp-content\/uploads\/2016\/08\/10176027853_ef9a22e2c4_k-1024x569.jpg 1024w, https:\/\/www.tournride.com\/wp-content\/uploads\/2016\/08\/10176027853_ef9a22e2c4_k.jpg 2048w\" sizes=\"auto, (max-width: 300px) 100vw, 300px\" \/><\/a><figcaption class=\"wp-element-caption\">Monastero dell\u2019Ordine di Cluny a Carri\u00f3n de los Condes (fotografia ceduta da Miguel \u00c1ngel Garc\u00eda su Flickr sotto le seguenti <a href=\"https:\/\/creativecommons.org\/licenses\/by\/2.0\/\" target=\"_blank\" rel=\"noopener\">condizioni<\/a>)<\/figcaption><\/figure>\n\n\n\n<p>Peregrinare implica andare da un punto iniziale fino a, in questo caso, Santiago de Compostela. In realt\u00e0 non ha importanza da dove si parta, sempre che si arrivi alla meta, ma la gran quantit\u00e0 di gente che si dirigeva verso lo stesso posto, fin dal Medio Evo, port\u00f2 alla creazione di una serie di infrastrutture volte alla loro accoglienza. L\u2018ubicazione di queste infrastrutture, la protezione che alcuni sentieri ricevevano da parte di ordini di cavalieri che assistevano i pellegrini e la morfologia del terreno finirono per definire i diversi \u201ccammini\u201d che oggi quasi tutti utilizzano per compiere il pellegrinaggio.<\/p>\n\n\n\n<figure class=\"wp-block-image alignright\"><a href=\"https:\/\/www.tournride.com\/wp-content\/uploads\/2016\/08\/54616430_758c1b33b1_b.jpg\"><img loading=\"lazy\" decoding=\"async\" width=\"300\" height=\"225\" src=\"https:\/\/www.tournride.com\/wp-content\/uploads\/2016\/08\/54616430_758c1b33b1_b-300x225.jpg\" alt=\"Roncesvalles, Camino Franc\u00e9s, Camino Santiago\" class=\"wp-image-1006\" title=\"\" srcset=\"https:\/\/www.tournride.com\/wp-content\/uploads\/2016\/08\/54616430_758c1b33b1_b-300x225.jpg 300w, https:\/\/www.tournride.com\/wp-content\/uploads\/2016\/08\/54616430_758c1b33b1_b-768x576.jpg 768w, https:\/\/www.tournride.com\/wp-content\/uploads\/2016\/08\/54616430_758c1b33b1_b.jpg 1024w\" sizes=\"auto, (max-width: 300px) 100vw, 300px\" \/><\/a><figcaption class=\"wp-element-caption\">Cappella di Santiago e il rinomato \u201csilo de Carlomagno\u201d a Roncesvalles (fotografia ceduta da Jos\u00e9 Antonio Gil Mart\u00ednez su Flickr sotto le seguenti <a href=\"https:\/\/creativecommons.org\/licenses\/by-sa\/2.0\/\" target=\"_blank\" rel=\"noopener\">condizioni<\/a>)<\/figcaption><\/figure>\n\n\n\n<p><span style=\"font-weight: 400;\"><strong>Il Cammino Francese e le popolazioni per cui passa iniziarono a definirsi dal momento in cui vennero rinvenute le reliquie dell\u2019apostolo nel S. IX<\/strong>. &nbsp;Questo cammino aiut\u00f2 la Corona a rendere sicuro il territorio che veniva recuperato agli arabi, popolando territori vuoti con installazioni cristiane. Con questo proposito, venivano fondate nuove citt\u00e0 per cui si faceva passare il Cammino.<strong>I reali dettero anche molto appoggio all\u2019Ordine di Cluny perch\u00e9 fondasse una vera e propria rete di monasteri lungo tutto il nord della Spagna<\/strong>. I cluniacensi nacquero nel S.X in Francia e ricoprirono un ruolo molto importante in Spagna per la grande quantit\u00e0 di ostelli e ospedali che misero a disposizione dei pellegrini.&nbsp;<\/span><\/p>\n\n\n\n<p><span style=\"font-weight: 400;\">Inoltre, quando inizi\u00f2 il pellegrinaggio, uno dei principali problemi dei viandanti era, senza dubbio, la <\/span>sicurezza<span style=\"font-weight: 400;\">. Per questo, <strong>la concretizzazione di un itinerario specifico<\/strong> <strong>per compiere il pellegrinaggio era importante, dato che permetteva di offrire maggiore protezione ai viandanti<\/strong>. Questo cammino divenne stabile nel S. XI, soprattutto grazie a re come Sancho III el Mayor o Alfonso VI.<\/span><\/p>\n\n\n\n<h3 class=\"wp-block-heading\" id=\"francia-si-converte-in-punto-di-entrata-limportanza-dei-franchi\">Francia si converte in punto di entrata: l\u2019importanza dei<em> franchi<\/em><\/h3>\n\n\n\n<figure class=\"wp-block-image alignleft\"><a href=\"https:\/\/www.tournride.com\/wp-content\/uploads\/2016\/08\/5257141380_86aa30d43a_b.jpg\"><img loading=\"lazy\" decoding=\"async\" width=\"300\" height=\"200\" src=\"https:\/\/www.tournride.com\/wp-content\/uploads\/2016\/08\/5257141380_86aa30d43a_b-300x200.jpg\" alt=\"Santiago de Compostela, Camino de Santiago\" class=\"wp-image-1004\" title=\"\" srcset=\"https:\/\/www.tournride.com\/wp-content\/uploads\/2016\/08\/5257141380_86aa30d43a_b-300x200.jpg 300w, https:\/\/www.tournride.com\/wp-content\/uploads\/2016\/08\/5257141380_86aa30d43a_b-768x512.jpg 768w, https:\/\/www.tournride.com\/wp-content\/uploads\/2016\/08\/5257141380_86aa30d43a_b.jpg 1024w\" sizes=\"auto, (max-width: 300px) 100vw, 300px\" \/><\/a><figcaption class=\"wp-element-caption\">Calle del Franco a Santiago di Compostela, 2013(Fotografia ceduta da Contando Estrelas su Flickr sotto le seguenti <a href=\"https:\/\/www.flickr.com\/photos\/elentir\/5257141380\/in\/photolist-psgCWP-91ydYC-5GF4FU-7jc5Uu-cDc11j-vYEW3Z\" target=\"_blank\" rel=\"noopener\">condizioni<\/a>)<\/figcaption><\/figure>\n\n\n\n<p><span style=\"font-weight: 400;\">La notizia della scoperta delle reliquie di Santiago inizi\u00f2 a diffondersi per l\u2019Europa gi\u00e0 nei S. IX e X. La Francia, per la sua posizione di frontiera, divenne il luogo principale di passaggio per l\u2019entrata nella Penisola Iberica. <\/span><\/p>\n\n\n\n<p><span style=\"font-weight: 400;\"><strong>Anche la corte di Carlomagno nel S. X fece da cassa di risonanza per il pellegrinaggio a Santiago<\/strong>, dato che se il nord della penisola tornava in mano ai cristiani, non ci sarebbe pi\u00f9 stato bisogno di preoccuparsi per la pressione degli arabi sulla frontiera nei Pirenei. La corte arriv\u00f2 a dichiarare che era stato lo stesso Carlomagno ad aver scoperto i resti degli apostoli.&nbsp;<\/span><\/p>\n\n\n\n<p><span style=\"font-weight: 400;\">Durante il Medio Evo <strong>tutti i pellegrini che entravano dalla Francia erano chiamati&nbsp;<\/strong><\/span><i><span style=\"font-weight: 400;\"><strong>franchi<\/strong>,<\/span><\/i><span style=\"font-weight: 400;\"> , indipendentemente dal fatto che fossero o meno galli (anche se la maggior parte lo era). Bisogna tener presente che al giorno d\u2019oggi possiamo tornare a casa in treno dopo essere arrivati alla meta, ma in quel periodo bisognava tornare indietro rifacendo il cammino. Per tutte le difficolt\u00e0 connesse con il ritorno, molti <i>franchi<\/i>&nbsp;rimanevano nella penisola iberica.<\/span><\/p>\n\n\n\n<p><strong>Inoltre, durante i S. XI-XIII i re concessero molte&nbsp;<em>cartas pueblas <\/em>ai franchi perch\u00e9 si installassero in localit\u00e0 disabitate, facendo in modo che il Cammino Francese passasse per queste nuove localit\u00e0.<\/strong> Le <em>cartas pueblas<\/em>&nbsp;sono ordini reali che conferiscono vantaggi fiscali o commerciali ad un gruppo sociale che cambio si stabilisce in una determinata localit\u00e0.<\/p>\n\n\n\n<p><span style=\"font-weight: 400;\">Ancora oggi possiamo trovare<\/span><span style=\"font-weight: 400;\">cittadine che crebbero lungo tutto il Cammino Francese grazie ai servizi che offrivano ai pellegrini. Posti come Puente la Reina hanno avuto origine da un nucleo che \u00e8 andato aumentando in modo lineare, con il cammino del pellegrinaggio come asse centrale. <\/span><\/p>\n\n\n\n<h3 class=\"wp-block-heading\" id=\"il-codice-calixtino-la-prima-guida-turistica-del-cammino-francese\">Il C\u00f3dice Calixtino: la prima \u201cguida turistica\u201d del Cammino Francese<\/h3>\n\n\n\n<figure class=\"wp-block-image alignright\"><a href=\"https:\/\/www.tournride.com\/wp-content\/uploads\/2016\/08\/10868422783_c44250439b_k.jpg\"><img loading=\"lazy\" decoding=\"async\" width=\"300\" height=\"200\" src=\"https:\/\/www.tournride.com\/wp-content\/uploads\/2016\/08\/10868422783_c44250439b_k-300x200.jpg\" alt=\"C\u00f3dice Calixtino, Camino de Santiago\" class=\"wp-image-1010\" title=\"\" srcset=\"https:\/\/www.tournride.com\/wp-content\/uploads\/2016\/08\/10868422783_c44250439b_k-300x200.jpg 300w, https:\/\/www.tournride.com\/wp-content\/uploads\/2016\/08\/10868422783_c44250439b_k-768x512.jpg 768w, https:\/\/www.tournride.com\/wp-content\/uploads\/2016\/08\/10868422783_c44250439b_k-1024x682.jpg 1024w, https:\/\/www.tournride.com\/wp-content\/uploads\/2016\/08\/10868422783_c44250439b_k.jpg 2048w\" sizes=\"auto, (max-width: 300px) 100vw, 300px\" \/><\/a><figcaption class=\"wp-element-caption\">Libro IV del C\u00f3dice Calixtino (fotografia ceduta da Manuel su Flickr sotto le seguenti <a href=\"https:\/\/creativecommons.org\/licenses\/by\/2.0\/\" target=\"_blank\" rel=\"noopener\">condizioni<\/a>)<\/figcaption><\/figure>\n\n\n\n<p><strong>Siamo sicuri che nel S. XII le vie del Cammino Francese erano stabilite, dato che il C\u00f3dice Calixtino <\/strong><span style=\"font-weight: 400;\"><strong>ne fornisce una prova irrefutabile.<\/strong> Il codice \u00e8 datato 1140 d.C. e si chiama in questo modo perch\u00e9 inizia con una lettera del papa Calisto II, diretta all\u2019arcivescovo di Santiago (Diego Gelm\u00edrez) e ai monaci di Cluny.<\/span><\/p>\n\n\n\n<figure class=\"wp-block-image alignleft\"><a href=\"https:\/\/www.tournride.com\/wp-content\/uploads\/2016\/08\/mime-938639_960_720.jpg\"><img loading=\"lazy\" decoding=\"async\" width=\"300\" height=\"225\" src=\"https:\/\/www.tournride.com\/wp-content\/uploads\/2016\/08\/mime-938639_960_720-300x225.jpg\" alt=\"C\u00f3dice Calixtino\" class=\"wp-image-1012\" title=\"\" srcset=\"https:\/\/www.tournride.com\/wp-content\/uploads\/2016\/08\/mime-938639_960_720-300x225.jpg 300w, https:\/\/www.tournride.com\/wp-content\/uploads\/2016\/08\/mime-938639_960_720-768x576.jpg 768w, https:\/\/www.tournride.com\/wp-content\/uploads\/2016\/08\/mime-938639_960_720.jpg 960w\" sizes=\"auto, (max-width: 300px) 100vw, 300px\" \/><\/a><\/figure>\n\n\n\n<figure class=\"wp-block-image alignright\"><a href=\"https:\/\/www.tournride.com\/wp-content\/uploads\/2016\/08\/mime-938638_960_720.jpg\"><img loading=\"lazy\" decoding=\"async\" width=\"300\" height=\"225\" src=\"https:\/\/www.tournride.com\/wp-content\/uploads\/2016\/08\/mime-938638_960_720-300x225.jpg\" alt=\"C\u00f3dice Calixtino, Camino Santiago\" class=\"wp-image-1011\" title=\"\" srcset=\"https:\/\/www.tournride.com\/wp-content\/uploads\/2016\/08\/mime-938638_960_720-300x225.jpg 300w, https:\/\/www.tournride.com\/wp-content\/uploads\/2016\/08\/mime-938638_960_720-768x576.jpg 768w, https:\/\/www.tournride.com\/wp-content\/uploads\/2016\/08\/mime-938638_960_720.jpg 960w\" sizes=\"auto, (max-width: 300px) 100vw, 300px\" \/><\/a><\/figure>\n\n\n\n<p><span style=\"font-weight: 400;\">Il <\/span><i><span style=\"font-weight: 400;\">Codex Calixtinus <\/span><\/i><span style=\"font-weight: 400;\">\u00e8 molto interessante perch\u00e9 all\u2019interno, oltre a raccogliere storie di miracoli e racconti degli apostoli, si trova un libro che \u00e8 stato attribuito tradizionalmente al monaco francese chiamato. Questo religioso <\/span><span style=\"font-weight: 400;\">descrive con minuzia la via verso Santiago de Compostela, cos\u00ec come i santuari che si possono trovare sul cammino; e offre anche consigli e aneddoti relativi al pellegrinaggio. <strong>Si tratta di quello che oggi chiameremmo una <\/strong><\/span><b>sorta di guida turistica<\/b><span style=\"font-weight: 400;\"> , e per la sua antichit\u00e0 il codice ha un valore inestimabile. Disgraziatamente, divenne famoso negli ultimi anni per il suo furto per mano di una persona che lavorava nella cattedrale nel 2011, anche se fu poi ritrovato, e nel 2012 torn\u00f2 al suo posto.<\/span><\/p>\n\n\n\n<h3 class=\"wp-block-heading\" id=\"affluenza-del-cammino-francese-durante-la-storia\">Affluenza del Cammino Francese durante la Storia<\/h3>\n\n\n\n<h4 class=\"wp-block-heading\" id=\"dallo-splendore-medievale-alloccultamento-delle-reliquie\">Dallo splendore medievale all\u2019occultamento delle reliquie<\/h4>\n\n\n\n<p><span style=\"font-weight: 400;\">Nella sua guida Aymeric descrive il Cammino Francese come un itinerario di masse, con migliaia di persone che andavano verso Compostela. <strong>Questo splendore inizia a decadere sensibilmente nel S. XVI<\/strong>, anche se nel S. XIV era stato molto colpito dalla grande peste che devast\u00f2 l\u2019Europa. <\/span><\/p>\n\n\n\n<p>Anche la comparsa del <strong>Protestantismo&nbsp;<\/strong>ebbe un impatto sulla peregrinazione<span style=\"font-weight: 400;\">, dato che anche Lutero cercava di convincere la gente a non andare a Santiago. Mise in dubbio l\u2019autenticit\u00e0 delle reliquie, arrivando a dire l\u00ec ci poteva essere un apostolo tanto quanto \u201cun cane o un cavallo morto\u201d. <\/span><\/p>\n\n\n\n<figure class=\"wp-block-image alignleft\"><a href=\"https:\/\/www.tournride.com\/wp-content\/uploads\/2016\/07\/martin-luther-617287_960_720.jpg\"><img loading=\"lazy\" decoding=\"async\" width=\"300\" height=\"200\" src=\"https:\/\/www.tournride.com\/wp-content\/uploads\/2016\/07\/martin-luther-617287_960_720-300x200.jpg\" alt=\"Lutero, protestantismo, afluencia Camino Franc\u00e9s\" class=\"wp-image-846\" title=\"\" srcset=\"https:\/\/www.tournride.com\/wp-content\/uploads\/2016\/07\/martin-luther-617287_960_720-300x200.jpg 300w, https:\/\/www.tournride.com\/wp-content\/uploads\/2016\/07\/martin-luther-617287_960_720-768x512.jpg 768w, https:\/\/www.tournride.com\/wp-content\/uploads\/2016\/07\/martin-luther-617287_960_720.jpg 960w\" sizes=\"auto, (max-width: 300px) 100vw, 300px\" \/><\/a><figcaption class=\"wp-element-caption\">Scultura di Lutero a Berl\u00edn<\/figcaption><\/figure>\n\n\n\n<p><span style=\"font-weight: 400;\"><strong>Inoltre, nel S. XVI avvennero anche una serie di attacchi pirateschi in Galizia, tra cui quello di Francis Drake<\/strong>. &nbsp;Questo corsaro aveva espresso la sua intenzione di distruggere la cattedrale se ne avesse avuto l\u2019occasione. <strong>Per questo l\u2019arcivescovo di Santiago, Juan de Sanclemente, decise di nascondere le reliquie dell\u2019apostolo interrandole nel pavimento dell\u2019abside della cattedrale. <\/strong><\/span><\/p>\n\n\n\n<p><span style=\"font-weight: 400;\"><strong>Con lui mor\u00ec il segreto dell\u2019ubicazione del prezioso tesoro,<\/strong> <strong>fino al 1879, quasi tre secoli dopo, quando lo storico galiziano L\u00f3pez Ferreiro riscopr\u00ec le reliquie<\/strong>. Nel S. XIX la peregrinazione viveva uno dei suoi pi\u00f9 grandi momenti di decadenza, indotto anche dall\u2019arrivo dei governi liberali al potere e questa nuova scoperta, insieme alla dichiarazione papale di autenticit\u00e0 delle reliquie cinque anni dopo, contribu\u00ec a dare un nuovo impulso alla peregrinazione e al Cammino Francese.<\/span><\/p>\n\n\n\n<p><span style=\"font-weight: 400;\">Questo impulso fu rallentato dallo stato di <\/span><i><span style=\"font-weight: 400;\">guerra totale <\/span><\/i><span style=\"font-weight: 400;\">che si speriment\u00f2 in Europa durante la prima met\u00e0 del S. XX. Durante <\/span><b>il dopoguerra per\u00f2 il Cammino Francese torn\u00f2 ad accogliere i pellegrini<\/b><span style=\"font-weight: 400;\"> che tentavano di recuperare sui sentieri l\u2019unit\u00e0 culturale di un\u2019Europa che si era incrinata a causa delle lotte interne. Iniziarono a nascere associazioni relative al Cammino ed il Cammino Francese cominci\u00f2 ad essere segnalato come si deve. <\/span><\/p>\n\n\n\n<h4 class=\"wp-block-heading\" id=\"sforzi-dagli-anni-80-per-rivitalizzare-il-cammino-da-elias-valina-al-plan-xacobeo\">Sforzi dagli anni 80 per rivitalizzare il Cammino: da El\u00edas Vali\u00f1a al Plan Xacobeo<\/h4>\n\n\n\n<p><span style=\"font-weight: 400;\"> In un primo momento, questo sforzo per far crescere il Cammino venne da parte di persone che, individualmente, decidevano di provare a potenziare la peregrinazione e aiutare tutti coloro che decidevano di intraprenderla. <\/span><\/p>\n\n\n\n<figure class=\"wp-block-image alignright\"><a href=\"https:\/\/www.tournride.com\/wp-content\/uploads\/2016\/07\/jakobsweg-250366_960_720.jpg\"><img loading=\"lazy\" decoding=\"async\" width=\"300\" height=\"200\" src=\"https:\/\/www.tournride.com\/wp-content\/uploads\/2016\/07\/jakobsweg-250366_960_720-300x200.jpg\" alt=\"Se\u00f1alizaci\u00f3n Camino Franc\u00e9s, Flecha amarilla\" class=\"wp-image-847\" title=\"\" srcset=\"https:\/\/www.tournride.com\/wp-content\/uploads\/2016\/07\/jakobsweg-250366_960_720-300x200.jpg 300w, https:\/\/www.tournride.com\/wp-content\/uploads\/2016\/07\/jakobsweg-250366_960_720-768x512.jpg 768w, https:\/\/www.tournride.com\/wp-content\/uploads\/2016\/07\/jakobsweg-250366_960_720.jpg 960w\" sizes=\"auto, (max-width: 300px) 100vw, 300px\" \/><\/a><figcaption class=\"wp-element-caption\">Pietra con la freccia gialla sul Cammino Francese<\/figcaption><\/figure>\n\n\n\n<p><span style=\"font-weight: 400;\"><strong>Il <\/strong><\/span><b>Cammino Francese fu il primo ad essere segnalato adeguatamente e<\/b><strong> questo<\/strong><span style=\"font-weight: 400;\"><strong>&nbsp;si deve ad un parroco di O Cebreiro chiamato El\u00edas Vali\u00f1a, che fu il creatore del simbolo della freccia gialla<\/strong>. El\u00edas decise di riabilitare l\u2019ospedale dei pellegrini della sua parrocchia e, visto che i pellegrini gli raccontavano che si perdevano durante il cammino dalla Francia, nel 1984 compr\u00f2 pittura in abbondanza per segnalare le strade e se ne and\u00f2 su una carrozza con due cavalli da Roncisvalle fino a Santiago. And\u00f2 marcando con una freccia tutti i punti che potevano creare confusione nei pellegrini. Da quel momento si \u00e8 mantenuto questo simbolo, insieme alla conchiglia. &nbsp;<\/span><\/p>\n\n\n\n<p><strong>Nel <\/strong><b>1991 a questi sforzi individuali si aggiunge lo sforzo istituzionale tramite la creazione da parte della Giunta di Galizia del Plan Xacobeo<\/b><span style=\"font-weight: 400;\">, un\u2019istituzione pensata per investigare sul Cammino e potenziare il pellegrinaggio. Da quel&nbsp;<\/span><span style=\"font-weight: 400;\">momento, la via millenaria del Cammino Francese non ha smesso di ricevere sempre pi\u00f9 pellegrini, superando ogni anno il record di presenze dell\u2019anno precedente. <\/span><\/p>\n\n\n\n<h3 class=\"wp-block-heading\" id=\"rotte-ed-itinerari-del-cammino-francese\"><span style=\"color: #308ec5;\"><strong>ROTTE ED ITINERARI DEL CAMMINO FRANCESE <\/strong><\/span><\/h3>\n\n\n\n<h4 class=\"wp-block-heading\" id=\"percorriamo-le-stesse-rotte-dal-s-xii\">Percorriamo le stesse rotte dal S. XII<\/h4>\n\n\n\n<figure class=\"wp-block-image alignleft\"><a href=\"https:\/\/www.tournride.com\/wp-content\/uploads\/2016\/08\/ruta-francesa5.jpg\"><img loading=\"lazy\" decoding=\"async\" width=\"300\" height=\"212\" src=\"https:\/\/www.tournride.com\/wp-content\/uploads\/2016\/08\/ruta-francesa5-300x212.jpg\" alt=\"Camino Franc\u00e9s, Rutas Camino Santiago\" class=\"wp-image-1025\" title=\"\" srcset=\"https:\/\/www.tournride.com\/wp-content\/uploads\/2016\/08\/ruta-francesa5-300x212.jpg 300w, https:\/\/www.tournride.com\/wp-content\/uploads\/2016\/08\/ruta-francesa5-768x543.jpg 768w, https:\/\/www.tournride.com\/wp-content\/uploads\/2016\/08\/ruta-francesa5-1024x724.jpg 1024w, https:\/\/www.tournride.com\/wp-content\/uploads\/2016\/08\/ruta-francesa5.jpg 1754w\" sizes=\"auto, (max-width: 300px) 100vw, 300px\" \/><\/a><figcaption class=\"wp-element-caption\">Mappa delle vie del Cammino Francese<\/figcaption><\/figure>\n\n\n\n<p><span style=\"font-weight: 400;\">Le vie che definisce nel S. XII il chierico Aymeric Picaud continuano ad essere quelle che oggi costituiscono il Cammino Francese. Nella sua \u201cguida\u201d del 1140 il chierico definiva <\/span><b>quattro vie, che da Parigi, Vezelay, Le Puy e Arles si collegavano con il resto del continente<\/b><span style=\"font-weight: 400;\">.<\/span><b> Le prime tre si riunivano a Saint Jean Pied de Port e l\u2019ultima passava la frontiera a Somport<\/b><span style=\"font-weight: 400;\">.<\/span><\/p>\n\n\n\n<p><span style=\"font-weight: 400;\"><strong>Al giorno d\u2019oggi, molta gente decide di iniziare il cammino a Saint Jean,<\/strong> superando durante la prima tappa la collina che unisce questa piccola cittadina con Roncisvalle. Si tratta di una tappa dura ma che ripaga i pellegrini con delle viste e paesaggi spettacolari. Da Roncisvalle, si attraversa la Navarra passando per Pamplona fino ad arrivare nei dintorni di Puente la Reina.&nbsp;<\/span><\/p>\n\n\n\n<figure class=\"wp-block-image alignright\"><a href=\"https:\/\/www.tournride.com\/wp-content\/uploads\/2016\/08\/4609430322_cce0de2efb_b.jpg\"><img loading=\"lazy\" decoding=\"async\" width=\"300\" height=\"200\" src=\"https:\/\/www.tournride.com\/wp-content\/uploads\/2016\/08\/4609430322_cce0de2efb_b-300x200.jpg\" alt=\"Pirineos, Camino Santiago, Camino Franc\u00e9s\" class=\"wp-image-1007\" title=\"\" srcset=\"https:\/\/www.tournride.com\/wp-content\/uploads\/2016\/08\/4609430322_cce0de2efb_b-300x200.jpg 300w, https:\/\/www.tournride.com\/wp-content\/uploads\/2016\/08\/4609430322_cce0de2efb_b-768x511.jpg 768w, https:\/\/www.tournride.com\/wp-content\/uploads\/2016\/08\/4609430322_cce0de2efb_b.jpg 1024w\" sizes=\"auto, (max-width: 300px) 100vw, 300px\" \/><\/a><figcaption class=\"wp-element-caption\">Croce dei Pirinei sul Cammino Francese (fotografia ceduta da Emilio su Flickr sotto le seguenti <a href=\"https:\/\/creativecommons.org\/licenses\/by-sa\/2.0\/\" target=\"_blank\" rel=\"noopener\">condizioni<\/a>)<\/figcaption><\/figure>\n\n\n\n<p><strong>Se iniziamo a Somport percorreremo quello che si conosce come Cammino Aragonese&nbsp;<\/strong><span style=\"font-weight: 400;\"><strong>fino alle porte di Puente la Reina<\/strong>, dove i pellegrini di entrambe le rotte si incontrano all\u2019eremo di San Salvador. L\u2019itinerario aragonese scorre seguendo per la maggior parte il percorso del fiume Arag\u00f3n e l\u00ec troveremo paesaggi di bellezza singolare, di montagna, bosco e prati. Visiteremo anche localit\u00e0 di grande valore patrimoniale, come la cattedrale di Jaca o il monastero di Leyre. <\/span><\/p>\n\n\n\n<figure class=\"wp-block-image alignleft\"><a href=\"https:\/\/www.tournride.com\/wp-content\/uploads\/2016\/08\/ordesa-1137642_960_720.jpg\"><img loading=\"lazy\" decoding=\"async\" width=\"300\" height=\"225\" src=\"https:\/\/www.tournride.com\/wp-content\/uploads\/2016\/08\/ordesa-1137642_960_720-300x225.jpg\" alt=\"Camino Aragon\u00e9s, Camino Santiago, R\u00edo Arag\u00f3n\" class=\"wp-image-1008\" title=\"\" srcset=\"https:\/\/www.tournride.com\/wp-content\/uploads\/2016\/08\/ordesa-1137642_960_720-300x225.jpg 300w, https:\/\/www.tournride.com\/wp-content\/uploads\/2016\/08\/ordesa-1137642_960_720-768x576.jpg 768w, https:\/\/www.tournride.com\/wp-content\/uploads\/2016\/08\/ordesa-1137642_960_720.jpg 960w\" sizes=\"auto, (max-width: 300px) 100vw, 300px\" \/><\/a><figcaption class=\"wp-element-caption\">Fiume Arag\u00f3n sui Pirinei<\/figcaption><\/figure>\n\n\n\n<p><span style=\"font-weight: 400;\"><strong>Bisogna tenere conto che il Cammino Aragonese \u00e8 pi\u00f9 duro e implica maggiore difficolt\u00e0 tecnica per chi va in bicicletta, soprattutto in inverno.<\/strong> Per questo, se \u00e8 la prima volta che avete in animo di venire a Santiago, vi consigliamo di scegliere l\u2019opzione di iniziare da Saint Jean o Roncisvalle. Se volete iniziare da Somport, c\u2019\u00e8 da mettere in conto che, a seconda della situazione climatica, pu\u00f2 essere necessario percorrere sulla strada alcuni tratti.<\/span><\/p>\n\n\n\n<div style=\"height:5px\" aria-hidden=\"true\" class=\"wp-block-spacer\"><\/div>\n\n\n\n<h4 class=\"wp-block-heading\" id=\"numero-di-tappe-segnali-e-servizi-per-ciclisti-nel-cammino-francese\">Numero di tappe, segnali e servizi per ciclisti nel Cammino Francese<\/h4>\n\n\n\n<p><span style=\"font-weight: 400;\"><span style=\"font-weight: 400;\">In quanto al <\/span><b>numero di tappe in bicicletta<\/b><span style=\"font-weight: 400;\">, tanto da Somport come da Saint Jean Pied de Port si impiega, in linea generale, circa tre giorni a passare per Puente la Reina. Se iniziamo a Somport pu\u00f2 essere che convenga aggiungere una tappa, per percorrere il cammino in modo pi\u00f9 rilassato. <\/span><\/span><\/p>\n\n\n\n<p><span style=\"font-weight: 400;\"><span style=\"font-weight: 400;\">In generale, dedicheremo a pedalare<\/span><\/span><span style=\"font-weight: 400;\">una <\/span><b>media di 15 giorni <\/b><span style=\"font-weight: 400;\"> da qualunque punto d\u2019inizio<\/span><b>.<\/b><span style=\"font-weight: 400;\"> In chilometri, ne percorreremo 785 da Saint Jean de Port e 820 da Somport. &nbsp;<\/span><\/p>\n\n\n\n<p><span style=\"font-weight: 400;\">Da Tournride vogliamo ribadire che, per goderci il cammino, <\/span><b>non dobbiamo considerare la peregrinazione come una gara<\/b><span style=\"font-weight: 400;\">. Ci sono persone che compiono il Cammino Francese in 12 giorni e altri che hanno bisogno di 19 e, ovviamente, lo sforzo \u00e8 sempre e comunque encomiabile e ognuno deve sentirsi orgoglioso di s\u00e9 stesso.<\/span><\/p>\n\n\n\n<figure class=\"wp-block-image alignright\"><a href=\"https:\/\/www.tournride.com\/wp-content\/uploads\/2016\/08\/137.jpg\"><img loading=\"lazy\" decoding=\"async\" width=\"300\" height=\"194\" src=\"https:\/\/www.tournride.com\/wp-content\/uploads\/2016\/08\/137-300x194.jpg\" alt=\"Credencial, plaza Obradoiro, Camino Santiago, peregrina\" class=\"wp-image-984\" title=\"\" srcset=\"https:\/\/www.tournride.com\/wp-content\/uploads\/2016\/08\/137-300x194.jpg 300w, https:\/\/www.tournride.com\/wp-content\/uploads\/2016\/08\/137-768x497.jpg 768w, https:\/\/www.tournride.com\/wp-content\/uploads\/2016\/08\/137-1024x662.jpg 1024w, https:\/\/www.tournride.com\/wp-content\/uploads\/2016\/08\/137.jpg 1243w\" sizes=\"auto, (max-width: 300px) 100vw, 300px\" \/><\/a><figcaption class=\"wp-element-caption\">Pellegrina di fronte alla cattedrale mostrando le sue credenziali timbrate (fotografia ceduta da Paul Quayle)<\/figcaption><\/figure>\n\n\n\n<p><span style=\"font-weight: 400;\">Quello che vi consigliamo \u00e8 di organizzare le tappe e il tempo per non trovarvi con impegni improrogabili che vi facciano lasciare il cammino a met\u00e0. <strong>L\u2019esperienza dice che <\/strong><\/span><b>\u00e8 sempre pi\u00f9 emozionante arrivare alla cattedrale piuttosto che realizzare tappe intermedie<\/b><strong> senza arrivare alla meta. <\/strong><\/p>\n\n\n\n<p><span style=\"font-weight: 400;\">Inoltre,<\/span><b> per conseguire il credito di pellegrino compostelano, la \u201c<\/b><b><i>Compostella<\/i><\/b><b>\u201d<\/b><span style=\"font-weight: 400;\"><strong>, si devono percorrere almeno 200 km in bicicletta o 100 Km a piedi, ma devono essere gli ultimi ed arrivare a Santiago<\/strong>. La tempistica o velocit\u00e0, naturalmente, viene decisa da ciascuno.<\/span><\/p>\n\n\n\n<figure class=\"wp-block-image alignleft\"><a href=\"https:\/\/www.tournride.com\/wp-content\/uploads\/2016\/08\/19150166154_d4742332ce_b.jpg\"><img loading=\"lazy\" decoding=\"async\" width=\"300\" height=\"300\" src=\"https:\/\/www.tournride.com\/wp-content\/uploads\/2016\/08\/19150166154_d4742332ce_b-300x300.jpg\" alt=\"Credencial, camino santiago, peregrinaci\u00f3n\" class=\"wp-image-1001\" title=\"\" srcset=\"https:\/\/www.tournride.com\/wp-content\/uploads\/2016\/08\/19150166154_d4742332ce_b-300x300.jpg 300w, https:\/\/www.tournride.com\/wp-content\/uploads\/2016\/08\/19150166154_d4742332ce_b-150x150.jpg 150w, https:\/\/www.tournride.com\/wp-content\/uploads\/2016\/08\/19150166154_d4742332ce_b-768x768.jpg 768w, https:\/\/www.tournride.com\/wp-content\/uploads\/2016\/08\/19150166154_d4742332ce_b.jpg 1024w\" sizes=\"auto, (max-width: 300px) 100vw, 300px\" \/><\/a><figcaption class=\"wp-element-caption\">Credenziale con il primo timbro di un pellegrino (fotografia ceduta da Juan Pablo Olmo su Flickr sotto le seguenti <a href=\"https:\/\/creativecommons.org\/licenses\/by\/2.0\/\" target=\"_blank\" rel=\"noopener\">condizioni<\/a>)<\/figcaption><\/figure>\n\n\n\n<p><span style=\"font-weight: 400;\">Il Cammino Francese \u00e8<\/span><b> ben segnalato <\/b><span style=\"font-weight: 400;\">e ci sono molte cittadine intermedie in cui <\/span><b>troveremo i servizi di cui abbiamo bisogno<\/b><span style=\"font-weight: 400;\">, quindi in ogni tappa possiamo essere flessibili, per decidere fino a dove vogliamo arrivare. In media, nel Cammino Francese c\u2019\u00e8 una citt\u00e0 ogni 4 km, la maggior parte con possibilit\u00e0 di alloggio. Molte dispongono di posti chiusi per custodire le biciclette. <strong>Per questo, ogni giorno avremo a disposizione diverse localit\u00e0 come fine tappa.&nbsp;<\/strong><\/span><\/p>\n\n\n\n<p>Oltre agli alloggiamenti, in molte delle cittadine troveremo negozi in cui poter comprare ci\u00f2 che necessitiamo. Tenetelo a mente al momento di riempire le sacche della bici perch\u00e9 tutto ci\u00f2 che vi portate dietro vi accompagner\u00e0 come peso extra!<\/p>\n\n\n\n<h6 class=\"wp-block-heading\" id=\"proposta-di-pianificazione-delle-tappe-per-il-cammino-francese-in-bicicletta\">Proposta di pianificazione delle tappe per il Cammino Francese in bicicletta<\/h6>\n\n\n\n<p><span style=\"font-weight: 400;\">Abbiamo ideato una <\/span><b>pianificazione del Cammino Francese per i pellegrini in bicicletta<\/b> <b>cercando di adattarla alla maggioranza dei ciclisti<\/b><span style=\"font-weight: 400;\">. Per questo, in base ad ogni profilo del terreno e alla sua difficolt\u00e0 le tappe possono prevedere pi\u00f9 o meno km. Abbiamo previsto una tempistica di 14 giorni, percorrendo 26 km al giorno nella tappa pi\u00f9 corta e 96 nella pi\u00f9 lunga. La media sar\u00e0 di circa 58 km\/giorno. Ricordate sempre che questo \u00e8 un suggerimento, potete unire o dividere ulteriormente le tappe. <\/span><\/p>\n\n\n\n<p><span style=\"font-weight: 400;\">La proposta di Tournride \u00e8 la seguente:<\/span><\/p>\n\n\n\n<ul class=\"wp-block-list\">\n<li><strong><span style=\"color: #308ec5;\">Saint-Jean Pied de Port &#8211; Santiago de Compostela:<\/span><\/strong><\/li>\n<\/ul>\n\n\n\n<ol class=\"wp-block-list\">\n<li><span style=\"font-weight: 400;\"><a aria-label=\"More information about:  Tappa 1 Da Saint Jean Pied De Port A Roncisvalle\" href=\"https:\/\/www.tournride.com\/it\/tappa-1-da-saint-jean-pied-de-port-a-roncisvalle\/\" target=\"_blank\" rel=\"noopener\">Saint-Jean Pied de Port &#8211; Roncesvalles<\/a> (26 Km)<\/span><\/li>\n\n\n\n<li><span style=\"font-weight: 400;\"><a aria-label=\"More information about:  Tappa 2 Da Roncesvalles A Pamplona\" href=\"https:\/\/www.tournride.com\/it\/tappa-2-da-roncesvalles-a-pamplona\/\" target=\"_blank\" rel=\"noopener\">Roncesvalles &#8211; Pamplona <\/a>(48 Km)<\/span><\/li>\n\n\n\n<li><span style=\"font-weight: 400;\"><a aria-label=\"More information about:  Tappa 3 Da Pamplona A Estella\" href=\"https:\/\/www.tournride.com\/it\/tappa-3-da-pamplona-a-estella\/\" target=\"_blank\" rel=\"noopener\">Pamplona &#8211; Estella<\/a> (44 Km)<\/span><\/li>\n\n\n\n<li><span style=\"font-weight: 400;\"><a aria-label=\"More information about:  Etapa 4 Estella Logrono\" href=\"https:\/\/www.tournride.com\/es\/etapa-4-estella-logrono\/\" target=\"_blank\" rel=\"noopener\">Estella &#8211; Logro\u00f1o<\/a> (49 Km)<\/span><\/li>\n\n\n\n<li><span style=\"font-weight: 400;\"><a aria-label=\"More information about:  Tappa 5 De Logrono A Santo Domingo De La Calzada\" href=\"https:\/\/www.tournride.com\/it\/tappa-5-de-logrono-a-santo-domingo-de-la-calzada\/\" target=\"_blank\" rel=\"noopener\">Logro\u00f1o &#8211; Santo Domingo de la Calzada<\/a> (48 Km)<\/span><\/li>\n\n\n\n<li><span style=\"font-weight: 400;\"><a aria-label=\"More information about:  Tappa 6 Da Santo Domingo De La Calzada A Burgos\" href=\"https:\/\/www.tournride.com\/it\/tappa-6-da-santo-domingo-de-la-calzada-a-burgos\/\" target=\"_blank\" rel=\"noopener\">Santo Domingo de la Calzada &#8211; Burgos<\/a> (75 Km)<\/span><\/li>\n\n\n\n<li><span style=\"font-weight: 400;\"><a aria-label=\"More information about:  Tappa 7 Da Burgos A Carrion De Los Condes\" href=\"https:\/\/www.tournride.com\/it\/tappa-7-da-burgos-a-carrion-de-los-condes\/\" target=\"_blank\" rel=\"noopener\">Burgos &#8211; Carri\u00f3n de los Condes <\/a>(86 Km)<\/span><\/li>\n\n\n\n<li><span style=\"font-weight: 400;\"><a aria-label=\"More information about:  Tappa 8 Da Carrion De Los Condes A Leon Camino Frances En Bicicleta\" href=\"https:\/\/www.tournride.com\/it\/tappa-8-da-carrion-de-los-condes-a-leon-camino-frances-en-bicicleta\/\" target=\"_blank\" rel=\"noopener\">Carri\u00f3n de los Condes &#8211; Le\u00f3n<\/a>&nbsp;(96 Km)<\/span><\/li>\n\n\n\n<li><span style=\"font-weight: 400;\"><a aria-label=\"More information about:  Tappa 9 Da Leon A Astorga\" href=\"https:\/\/www.tournride.com\/it\/tappa-9-da-leon-a-astorga\/\">Le\u00f3n &#8211; Astorga<\/a> (49 Km)<\/span><\/li>\n\n\n\n<li><span style=\"font-weight: 400;\"><a aria-label=\"More information about:  Tappa 10 Da Astorga A Ponferrada\" href=\"https:\/\/www.tournride.com\/it\/tappa-10-da-astorga-a-ponferrada\/\">Astorga &#8211; Ponferrada<\/a> (54 Km)<\/span><\/li>\n\n\n\n<li><span style=\"font-weight: 400;\"><a aria-label=\"More information about:  Tappa 11 Da Ponferrada A O Cebreiro\" href=\"https:\/\/www.tournride.com\/it\/tappa-11-da-ponferrada-a-o-cebreiro\/\">Ponferrada &#8211; O Cebreiro<\/a> (50 Km)<\/span><\/li>\n\n\n\n<li><span style=\"font-weight: 400;\"><a aria-label=\"More information about:  Tappa 12 Da O Cebreiro A Sarria\" href=\"https:\/\/www.tournride.com\/it\/tappa-12-da-o-cebreiro-a-sarria\/\">O Cebreiro &#8211; Sarria<\/a> (40 Km)<\/span><\/li>\n\n\n\n<li><span style=\"font-weight: 400;\"><a aria-label=\"More information about:  Tappa 13 Da Sarria A Melide\" href=\"https:\/\/www.tournride.com\/it\/tappa-13-da-sarria-a-melide\/\">Sarria &#8211; Melide<\/a> (60 Km)<\/span><\/li>\n\n\n\n<li><span style=\"font-weight: 400;\">Melide &#8211; Santiago de Compostela (56 Km)<\/span><\/li>\n<\/ol>\n\n\n\n<p>&nbsp;<\/p>\n\n\n\n<ul class=\"wp-block-list\">\n<li><strong><span style=\"color: #308ec5;\">Somport &#8211; Santiago de Compostela:<\/span><\/strong><\/li>\n<\/ul>\n\n\n\n<ol class=\"wp-block-list\">\n<li><span style=\"font-weight: 400;\">Somport &#8211; Arr\u00e9s (59 Km)<\/span><\/li>\n\n\n\n<li><span style=\"font-weight: 400;\">Arr\u00e9s &#8211; Sang\u00fcesa (49 Km)<\/span><\/li>\n\n\n\n<li><span style=\"font-weight: 400;\">Sang\u00fcesa &#8211; Puente la Reina (56 Km)<\/span><\/li>\n\n\n\n<li><span style=\"font-weight: 400;\">Puente la Reina &#8211; Logro\u00f1o (76 Km)<\/span><\/li>\n\n\n\n<li><span style=\"font-weight: 400;\">Logro\u00f1o &#8211; Santo Domingo de la Calzada (48 Km)<\/span><\/li>\n\n\n\n<li><span style=\"font-weight: 400;\">Santo Domingo de la Calzada &#8211; Burgos (75 Km)<\/span><\/li>\n\n\n\n<li><span style=\"font-weight: 400;\">Burgos &#8211; Carri\u00f3n de los Condes (86 Km)<\/span><\/li>\n\n\n\n<li><span style=\"font-weight: 400;\">Carri\u00f3n de los Condes &#8211; Le\u00f3n (96 Km)<\/span><\/li>\n\n\n\n<li><span style=\"font-weight: 400;\">Le\u00f3n &#8211; Astorga (49 Km)<\/span><\/li>\n\n\n\n<li><span style=\"font-weight: 400;\">Astorga &#8211; Ponferrada (54 Km)<\/span><\/li>\n\n\n\n<li><span style=\"font-weight: 400;\">Ponferrada &#8211; O Cebreiro (50 Km)<\/span><\/li>\n\n\n\n<li><span style=\"font-weight: 400;\">O Cebreiro &#8211; Sarria (40 Km)<\/span><\/li>\n\n\n\n<li><span style=\"font-weight: 400;\">Sarria &#8211; Melide (60 Km)<\/span><\/li>\n\n\n\n<li><span style=\"font-weight: 400;\">Melide &#8211; Santiago de Compostela (56 Km)<\/span><\/li>\n<\/ol>\n\n\n\n<p>Periodicamente pubblicheremo informazioni riguardo ad ogni tappa. Potrete conoscere il profilo generale del terreno e cosa vedere e fare lungo l\u2019itinerario. Daremo anche consigli pratici riguardo agli alloggi e all\u2019accesso ai servizi.<\/p>\n\n\n\n<h4 class=\"wp-block-heading\" id=\"il-patrimonio-del-cammino-francese\"><strong><span style=\"color: #308ec5;\">IL PATRIMONIO DEL CAMMINO FRANCESE<\/span><\/strong><\/h4>\n\n\n\n<h6 class=\"wp-block-heading\" id=\"arte-e-architettura-unintera-storia-scolpita-nella-pietra\">Arte e architettura: un&#8217;intera storia scolpita nella pietra<\/h6>\n\n\n\n<p><span style=\"font-weight: 400;\">Dalla scoperta delle reliquie dell\u2019apostolo nel S. IX,&nbsp;<\/span><b>i sentieri del Cammino Francese sono andati riempiendosi di storia scolpita nella pietra.<\/b><span style=\"font-weight: 400;\"> Tutti questi monumenti oggi continuano a ricevere i visitatori che decidono di intraprendere il pellegrinaggio verso Santiago e sono diventati essi stessi una ragione per dedicare tempo ed energia al cammino.<\/span><\/p>\n\n\n\n<figure class=\"wp-block-image alignright\"><a href=\"https:\/\/www.tournride.com\/wp-content\/uploads\/2016\/08\/15729387482_79d32824f5_k.jpg\"><img loading=\"lazy\" decoding=\"async\" width=\"300\" height=\"200\" src=\"https:\/\/www.tournride.com\/wp-content\/uploads\/2016\/08\/15729387482_79d32824f5_k-300x200.jpg\" alt=\"Catedral Santiago, Camino Santiago, Ap\u00f3stol Santiago\" class=\"wp-image-999\" title=\"\" srcset=\"https:\/\/www.tournride.com\/wp-content\/uploads\/2016\/08\/15729387482_79d32824f5_k-300x200.jpg 300w, https:\/\/www.tournride.com\/wp-content\/uploads\/2016\/08\/15729387482_79d32824f5_k-768x512.jpg 768w, https:\/\/www.tournride.com\/wp-content\/uploads\/2016\/08\/15729387482_79d32824f5_k-1024x683.jpg 1024w, https:\/\/www.tournride.com\/wp-content\/uploads\/2016\/08\/15729387482_79d32824f5_k.jpg 2048w\" sizes=\"auto, (max-width: 300px) 100vw, 300px\" \/><\/a><figcaption class=\"wp-element-caption\">Campanario della Cattedrale di Santiago, con una scultura dell\u2019apostolo come pellegrino (fotografia ceduta da Contando Estrelas su Flickr sotto le seguenti <a href=\"https:\/\/creativecommons.org\/licenses\/by-sa\/2.0\/\" target=\"_blank\" rel=\"noopener\">condizioni<\/a>)<\/figcaption><\/figure>\n\n\n\n<p><span style=\"font-weight: 400;\">Oltre a questo patrimonio materiale, il Cammino Francese \u00e8 stato di per se stesso un <\/span><b>elemento generatore di cultura<\/b><span style=\"font-weight: 400;\">. Sulle sue vie hanno viaggiato innovazioni, scoperte e idee nelle menti di coloro che le percorrevano. Grazie a questo, persone di ogni classe sociale e localit\u00e0 d\u2019Europa vennero tra loro in contatto e, per la prima volta nella storia, si and\u00f2 generando quella che oggi potremmo considerare una <\/span><b>\u201cidentit\u00e0 europea\u201d <\/b><span style=\"font-weight: 400;\">che, al di l\u00e0 delle ragioni economiche, da un senso alla nostra unione. Inoltre, grazie a tutto questo, possiamo anche trovare per la prima volta uno stile artistico che si estenda oltre il locale, comprendendo diverse localit\u00e0: il romanico.<\/span><\/p>\n\n\n\n<p><span style=\"font-weight: 400;\">Per quanto detto, il Cammino&nbsp;<\/span><span style=\"font-weight: 400;\">Francese fu dichiarato nel 1987<\/span><b> \u201cPrimo Itinerario Culturale Europeo\u201d<\/b><span style=\"font-weight: 400;\">, nel 1993 <\/span><b>\u201cPatrimonio Mondiale Culturale e Nazionale\u201d <\/b><span style=\"font-weight: 400;\">dall\u2019UNESCO e nel 2004 gli venne conferito il<\/span><b> \u201cPremio Principe di Asturias alla Concordia\u201d.<\/b><\/p>\n\n\n\n<figure class=\"wp-block-image alignleft\"><a href=\"https:\/\/www.tournride.com\/wp-content\/uploads\/2016\/08\/49.jpg\"><img loading=\"lazy\" decoding=\"async\" width=\"194\" height=\"300\" src=\"https:\/\/www.tournride.com\/wp-content\/uploads\/2016\/08\/49-194x300.jpg\" alt=\"Camino de Santiago, Itinerario Cultural Europeo\" class=\"wp-image-998\" title=\"\" srcset=\"https:\/\/www.tournride.com\/wp-content\/uploads\/2016\/08\/49-194x300.jpg 194w, https:\/\/www.tournride.com\/wp-content\/uploads\/2016\/08\/49-768x1187.jpg 768w, https:\/\/www.tournride.com\/wp-content\/uploads\/2016\/08\/49-662x1024.jpg 662w, https:\/\/www.tournride.com\/wp-content\/uploads\/2016\/08\/49.jpg 804w\" sizes=\"auto, (max-width: 194px) 100vw, 194px\" \/><\/a><figcaption class=\"wp-element-caption\">Cartello del Cammino di Santiago come Itinerario Culturale Europeo (fotografia ceduta da Paul Quayle)<\/figcaption><\/figure>\n\n\n\n<p><span style=\"font-weight: 400;\">Oltre al patrimonio specificamente in relazione con il cammino, potremo vedere tutto ci\u00f2 che ci pu\u00f2 offrire la Spagna. La Penisola Iberica \u00e8 un territorio che \u00e8 stato popolato da tempi molto antichi<strong>e<\/strong><\/span><b>il Cammino Francese ci permette di visitare luoghi rappresentativi di molti momenti storici.<\/b><span style=\"font-weight: 400;\"> Dai resti archeologici dai nostri predecessori ominidi nelle montagne di Atapuerca a Burgos fino alle grandi costruzioni contemporanee in citt\u00e0 come Burgos, Le\u00f3n, Logro\u00f1o o Astorga; passando per differenti resti romani, visigoti e medievali. <\/span><\/p>\n\n\n\n<p><span style=\"font-weight: 400;\">Il <\/span><b>patrimonio architettonico e artistico religioso <\/b><span style=\"font-weight: 400;\">di cattedrali come Jaca o di monasteri come quello di Miraflores de Burgos si mescoler\u00e0 con resti di <\/span><b>architettura civile <\/b><span style=\"font-weight: 400;\">pensata per facilitare il cammino dei pellegrini: ponti medievali come quello di Puente la Reina o castelli templari come quello di Ponferrada servivano per facilitare il cammino e proteggere i viandanti.<\/span><\/p>\n\n\n\n<figure class=\"wp-block-image alignright\"><a href=\"https:\/\/www.tournride.com\/wp-content\/uploads\/2016\/08\/4124035315_0058e83e6b_b.jpg\"><img loading=\"lazy\" decoding=\"async\" width=\"300\" height=\"156\" src=\"https:\/\/www.tournride.com\/wp-content\/uploads\/2016\/08\/4124035315_0058e83e6b_b-300x156.jpg\" alt=\"Camino de Santiago, Puente la Reina\" class=\"wp-image-997\" title=\"\" srcset=\"https:\/\/www.tournride.com\/wp-content\/uploads\/2016\/08\/4124035315_0058e83e6b_b-300x156.jpg 300w, https:\/\/www.tournride.com\/wp-content\/uploads\/2016\/08\/4124035315_0058e83e6b_b-768x399.jpg 768w, https:\/\/www.tournride.com\/wp-content\/uploads\/2016\/08\/4124035315_0058e83e6b_b.jpg 1024w\" sizes=\"auto, (max-width: 300px) 100vw, 300px\" \/><\/a><figcaption class=\"wp-element-caption\">Ponte medievale a Puente la Reina, Navarra (fotografia ceduta da Aherrero su Flickr sotto le seguenti <a href=\"https:\/\/creativecommons.org\/licenses\/by\/2.0\/\" target=\"_blank\" rel=\"noopener\">condizioni<\/a>)<\/figcaption><\/figure>\n\n\n\n<p><span style=\"font-weight: 400;\">Troveremo anche molti <\/span><b>ospedali per pellegrini <\/b><span style=\"font-weight: 400;\">come l\u2019impressionante parador di San Marcos a Le\u00f3n e potremo dissetarci nelle differenti<\/span><b> fonti <\/b><span style=\"font-weight: 400;\">costruite per aiutare i viaggiatori. Le troveremo di diversi tipi, dalla fonte gotica di los Moros a Monjard\u00edn a quella di Bodegas Iratxe, che butta vino invece di acqua, in omaggio ai pellegrini medievali il cui sostentamento erano pane e vino rosso.<\/span><\/p>\n\n\n\n<figure class=\"wp-block-image alignleft\"><a href=\"https:\/\/www.tournride.com\/wp-content\/uploads\/2016\/08\/6716394949_1f0acd123c_b.jpg\"><img loading=\"lazy\" decoding=\"async\" width=\"300\" height=\"142\" src=\"https:\/\/www.tournride.com\/wp-content\/uploads\/2016\/08\/6716394949_1f0acd123c_b-300x142.jpg\" alt=\"Parador de San Marcos, le\u00f3n, Camino de Santiago\" class=\"wp-image-996\" title=\"\" srcset=\"https:\/\/www.tournride.com\/wp-content\/uploads\/2016\/08\/6716394949_1f0acd123c_b-300x142.jpg 300w, https:\/\/www.tournride.com\/wp-content\/uploads\/2016\/08\/6716394949_1f0acd123c_b-768x363.jpg 768w, https:\/\/www.tournride.com\/wp-content\/uploads\/2016\/08\/6716394949_1f0acd123c_b.jpg 1024w\" sizes=\"auto, (max-width: 300px) 100vw, 300px\" \/><\/a><figcaption class=\"wp-element-caption\">Parador di San Marcos a Le\u00f3n (fotografia ceduta da Antramir su Flickr sotto le seguenti <a href=\"https:\/\/creativecommons.org\/licenses\/by-nd\/2.0\/\" target=\"_blank\" rel=\"noopener\">condizioni<\/a>)<\/figcaption><\/figure>\n\n\n\n<h6 class=\"wp-block-heading\" id=\"cultura-e-folklore-nel-cammino-francese\"><span style=\"color: #308ec5;\"><b>Cultura e folklore nel Cammino Francese<\/b><\/span><\/h6>\n\n\n\n<p><span style=\"font-weight: 400;\">Oltre a tutto il patrimonio materiale gi\u00e0 descritto, al percorrere il Cammino Francese attraverseremo una grande quantit\u00e0 di cittadine della Spagna del nord. Questo ci offre l\u2019opportunit\u00e0 di immergerci nella loro cultura e tradizioni e, con un po\u2019 di fortuna, anche partecipare ad alcune delle loro <\/span><b>feste popolari<\/b><span style=\"font-weight: 400;\">. Possiamo arrivare in tempo per i famosi San Fermines a Pamplona o, addirittura, entrare a Santiago in piena celebrazione dell\u2019Apostolo.<\/span><\/p>\n\n\n\n<figure class=\"wp-block-image alignright\"><a href=\"https:\/\/www.tournride.com\/wp-content\/uploads\/2016\/08\/5929918083_9ae68470c8_b.jpg\"><img loading=\"lazy\" decoding=\"async\" width=\"300\" height=\"200\" src=\"https:\/\/www.tournride.com\/wp-content\/uploads\/2016\/08\/5929918083_9ae68470c8_b-300x200.jpg\" alt=\"Fiestas populares Espa\u00f1a, San Termines, encierro, Camino Santiago\" class=\"wp-image-992\" title=\"\" srcset=\"https:\/\/www.tournride.com\/wp-content\/uploads\/2016\/08\/5929918083_9ae68470c8_b-300x200.jpg 300w, https:\/\/www.tournride.com\/wp-content\/uploads\/2016\/08\/5929918083_9ae68470c8_b-768x512.jpg 768w, https:\/\/www.tournride.com\/wp-content\/uploads\/2016\/08\/5929918083_9ae68470c8_b.jpg 1024w\" sizes=\"auto, (max-width: 300px) 100vw, 300px\" \/><\/a><figcaption class=\"wp-element-caption\">San Fermines 2011 (fotografia ceduta da Asier Solana su Flickr sotto le seguenti <a href=\"https:\/\/creativecommons.org\/licenses\/by-sa\/2.0\/\" target=\"_blank\" rel=\"noopener\">condizioni<\/a>)<\/figcaption><\/figure>\n\n\n\n<p><span style=\"font-weight: 400;\"><span style=\"font-weight: 400;\">Un valore aggiunto all\u2019esperienza del cammino \u00e8 poter provare la <\/span><b>gastronomia spagnola.<\/b><span style=\"font-weight: 400;\"> Dopo le dure giornate passate a pedalare ci godremo come non mai quella che molti dicono essere la miglior cucina del mondo<\/span><\/span><span style=\"font-weight: 400;\">. Potrete provare gli insaccati tipici, come il chorizo e la cecina; cos\u00ec come la grande variet\u00e0 di formaggi elaborati in modo tradizionale. I piatti popolari come il cocido maragato, il caldo gallego, il pulpo <\/span><i><span style=\"font-weight: 400;\">\u00e1 feira<\/span><\/i><span style=\"font-weight: 400;\">, ecc., ci aiuteranno a riprendere le forze per affrontare la giornata successiva.<\/span><\/p>\n\n\n\n<figure class=\"wp-block-image alignleft\"><a href=\"https:\/\/www.tournride.com\/wp-content\/uploads\/2016\/08\/9758972036_7876b64e0a_k.jpg\"><img loading=\"lazy\" decoding=\"async\" width=\"300\" height=\"200\" src=\"https:\/\/www.tournride.com\/wp-content\/uploads\/2016\/08\/9758972036_7876b64e0a_k-300x200.jpg\" alt=\"Pulpo a la gallega, pulpo \u00e1 feira, gastronom\u00eda espa\u00f1ola, Camino de Santiago\" class=\"wp-image-994\" title=\"\" srcset=\"https:\/\/www.tournride.com\/wp-content\/uploads\/2016\/08\/9758972036_7876b64e0a_k-300x200.jpg 300w, https:\/\/www.tournride.com\/wp-content\/uploads\/2016\/08\/9758972036_7876b64e0a_k-768x512.jpg 768w, https:\/\/www.tournride.com\/wp-content\/uploads\/2016\/08\/9758972036_7876b64e0a_k-1024x683.jpg 1024w, https:\/\/www.tournride.com\/wp-content\/uploads\/2016\/08\/9758972036_7876b64e0a_k.jpg 2048w\" sizes=\"auto, (max-width: 300px) 100vw, 300px\" \/><\/a><figcaption class=\"wp-element-caption\">Pulpo a la gallega (fotografia ceduta da Santi Villamar\u00edn su Flickr sotto le seguenti <a href=\"https:\/\/creativecommons.org\/licenses\/by-nd\/2.0\/\" target=\"_blank\" rel=\"noopener\">condizioni<\/a>)<\/figcaption><\/figure>\n\n\n\n<p><span style=\"font-weight: 400;\">Oltre al cibo, potremo anche imparare un aspetto molto importante della cultura spagnola: la <\/span><b>cultura del vino<\/b><span style=\"font-weight: 400;\">. Il Cammino Francese corre lungo territori che formano parte di distinte denominazioni di origine come La Rioja, Bierzo o Ribeira Sacra e passa vicino ad altre come Ribera del Duero o Toro. Potremo fare il giro dei sapori di Spagna.<\/span><\/p>\n\n\n\n<figure class=\"wp-block-image alignright\"><a href=\"https:\/\/www.tournride.com\/wp-content\/uploads\/2016\/08\/10.jpg\"><img loading=\"lazy\" decoding=\"async\" width=\"300\" height=\"191\" src=\"https:\/\/www.tournride.com\/wp-content\/uploads\/2016\/08\/10-300x191.jpg\" alt=\"Camino Franc\u00e9s en bicicleta, Alto del Perd\u00f3n, Camino Santiago\" class=\"wp-image-991\" title=\"\" srcset=\"https:\/\/www.tournride.com\/wp-content\/uploads\/2016\/08\/10-300x191.jpg 300w, https:\/\/www.tournride.com\/wp-content\/uploads\/2016\/08\/10-768x490.jpg 768w, https:\/\/www.tournride.com\/wp-content\/uploads\/2016\/08\/10-1024x653.jpg 1024w, https:\/\/www.tournride.com\/wp-content\/uploads\/2016\/08\/10.jpg 1252w\" sizes=\"auto, (max-width: 300px) 100vw, 300px\" \/><\/a><figcaption class=\"wp-element-caption\">Cammino Francese in Navarra (fotografia ceduta da Paul Quayle)<\/figcaption><\/figure>\n\n\n\n<p><span style=\"font-weight: 400;\"><strong>Al seguire i sentieri del Cammino Francese saremo parte di una storia viva e in permanente trasformazione.<\/strong><br>E\u2019 il Cammino con la C maiuscola e per eccellenza e, dal S. IX, ha accolto tutte le persone che hanno voluto lasciarvi la propria impronta. Inoltre, la sua buona segnaletica e la qualit\u00e0 dei servizi facilitano il transito in bici. <\/span><span style=\"font-weight: 400;\"><strong>Avete voglia di diventare <\/strong><\/span><strong><i>franchi <\/i>e pedalare con noi? <\/strong><\/p>\n\n\n\n<div class=\"wp-block-rank-math-toc-block\" id=\"rank-math-toc\"><h2>Sommario<\/h2><nav><ul><li class=\"\"><a href=\"#storia-del-cammino-francese\">STORIA DEL CAMMINO FRANCESE<\/a><ul><li class=\"\"><a href=\"#il-patrocinio-della-chiesa-e-della-corona-inizio-a-definire-un-itinerario\">Il patrocinio della Chiesa e della Corona inizi\u00f2 a definire un itinerario<\/a><\/li><li class=\"\"><a href=\"#francia-si-converte-in-punto-di-entrata-limportanza-dei-franchi\">Francia si converte in punto di entrata: l\u2019importanza dei franchi<\/a><\/li><li class=\"\"><a href=\"#il-codice-calixtino-la-prima-guida-turistica-del-cammino-francese\">Il C\u00f3dice Calixtino: la prima \u201cguida turistica\u201d del Cammino Francese<\/a><\/li><li class=\"\"><a href=\"#affluenza-del-cammino-francese-durante-la-storia\">Affluenza del Cammino Francese durante la Storia<\/a><ul><li class=\"\"><a href=\"#dallo-splendore-medievale-alloccultamento-delle-reliquie\">Dallo splendore medievale all\u2019occultamento delle reliquie<\/a><\/li><li class=\"\"><a href=\"#sforzi-dagli-anni-80-per-rivitalizzare-il-cammino-da-elias-valina-al-plan-xacobeo\">Sforzi dagli anni 80 per rivitalizzare il Cammino: da El\u00edas Vali\u00f1a al Plan Xacobeo<\/a><\/li><\/ul><\/li><li class=\"\"><a href=\"#rotte-ed-itinerari-del-cammino-francese\">ROTTE ED ITINERARI DEL CAMMINO FRANCESE <\/a><ul><li class=\"\"><a href=\"#percorriamo-le-stesse-rotte-dal-s-xii\">Percorriamo le stesse rotte dal S. XII<\/a><\/li><li class=\"\"><a href=\"#numero-di-tappe-segnali-e-servizi-per-ciclisti-nel-cammino-francese\">Numero di tappe, segnali e servizi per ciclisti nel Cammino Francese<\/a><ul><li class=\"\"><a href=\"#proposta-di-pianificazione-delle-tappe-per-il-cammino-francese-in-bicicletta\">Proposta di pianificazione delle tappe per il Cammino Francese in bicicletta<\/a><\/li><\/ul><\/li><li class=\"\"><a href=\"#il-patrimonio-del-cammino-francese\">IL PATRIMONIO DEL CAMMINO FRANCESE<\/a><ul><li class=\"\"><a href=\"#arte-e-architettura-unintera-storia-scolpita-nella-pietra\">Arte e architettura: un&#8217;intera storia scolpita nella pietra<\/a><\/li><li class=\"\"><a href=\"#cultura-e-folklore-nel-cammino-francese\">Cultura e folklore nel Cammino Francese<\/a><\/li><\/ul><\/li><\/ul><\/li><\/ul><\/li><\/ul><\/nav><\/div>\n","protected":false},"excerpt":{"rendered":"<p>Il Cammino Francese \u00e8 il percorso che ha ricevuto pi\u00f9 persone dal momento in cui inizi\u00f2 il pellegrinaggio verso Santiago. Si tratta dell\u2019itinerario pi\u00f9 menzionato in tutte le fonti storiche, il meglio segnalato e meglio dotato di servizi al pellegrino. Con questa presentazione, vi invitiamo a conoscere un po\u2019 meglio questa rotta millenaria e vi [&hellip;]<\/p>\n","protected":false},"author":2,"featured_media":3751,"comment_status":"closed","ping_status":"closed","sticky":false,"template":"","format":"standard","meta":{"rank_math_title":"Cammino Francese in Bici: Tappe e Pianificazione 2026 | Tournride","rank_math_description":"Come pianificare il Cammino Francese in bici: 14 tappe da Saint Jean Pied de Port a Santiago, km, dislivelli, noleggio bici con consegna in loco.","rank_math_focus_keyword":"cammino francese","rank_math_canonical_url":"","rank_math_facebook_title":"","rank_math_facebook_description":"","rank_math_facebook_image":"","rank_math_twitter_title":"","rank_math_twitter_description":"","rank_math_twitter_image":"","rank_math_twitter_card_type":"","rank_math_twitter_use_facebook":"","rank_math_robots":["index"],"rank_math_advanced_robots":[],"_joinchat":[],"footnotes":""},"categories":[1815,1799],"tags":[],"class_list":["post-3017","post","type-post","status-publish","format-standard","has-post-thumbnail","hentry","category-inizio","category-tappe-del-cammino"],"_links":{"self":[{"href":"https:\/\/www.tournride.com\/it\/wp-json\/wp\/v2\/posts\/3017","targetHints":{"allow":["GET"]}}],"collection":[{"href":"https:\/\/www.tournride.com\/it\/wp-json\/wp\/v2\/posts"}],"about":[{"href":"https:\/\/www.tournride.com\/it\/wp-json\/wp\/v2\/types\/post"}],"author":[{"embeddable":true,"href":"https:\/\/www.tournride.com\/it\/wp-json\/wp\/v2\/users\/2"}],"replies":[{"embeddable":true,"href":"https:\/\/www.tournride.com\/it\/wp-json\/wp\/v2\/comments?post=3017"}],"version-history":[{"count":0,"href":"https:\/\/www.tournride.com\/it\/wp-json\/wp\/v2\/posts\/3017\/revisions"}],"wp:featuredmedia":[{"embeddable":true,"href":"https:\/\/www.tournride.com\/it\/wp-json\/wp\/v2\/media\/3751"}],"wp:attachment":[{"href":"https:\/\/www.tournride.com\/it\/wp-json\/wp\/v2\/media?parent=3017"}],"wp:term":[{"taxonomy":"category","embeddable":true,"href":"https:\/\/www.tournride.com\/it\/wp-json\/wp\/v2\/categories?post=3017"},{"taxonomy":"post_tag","embeddable":true,"href":"https:\/\/www.tournride.com\/it\/wp-json\/wp\/v2\/tags?post=3017"}],"curies":[{"name":"wp","href":"https:\/\/api.w.org\/{rel}","templated":true}]}}