{"id":2997,"date":"2015-05-15T10:29:06","date_gmt":"2015-05-15T09:29:06","guid":{"rendered":"https:\/\/www.tournride.com\/f83b22b844ac07a43a3f1ef6a8e10c29cb09ae7d9fbb052eb44ad624a4f02adapostnamef83b22b844ac07a43a3f1ef6a8e10c29cb09ae7d9fbb052eb44ad624a4f02ada\/"},"modified":"2025-02-11T09:37:10","modified_gmt":"2025-02-11T08:37:10","slug":"alquiler-de-ebikes-desde-oporto","status":"publish","type":"post","link":"https:\/\/www.tournride.com\/es\/alquiler-de-ebikes-desde-oporto\/","title":{"rendered":"Alquiler de Ebikes desde Oporto"},"content":{"rendered":"\n<div class=\"wp-block-rank-math-toc-block\" id=\"rank-math-toc\"><h2>\u00cdndice<\/h2><nav><ul><li class=\"\"><a href=\"#descubre-el-camino-portugues-en-bicicleta\">Descubre el Camino Portugu\u00e9s en Bicicleta<\/a><ul><li class=\"\"><a href=\"#tournride-y-los-biciperegrinos-tu-aventura-en-el-camino-portugues-comienza-aqui\">Tournride y los Biciperegrinos: Tu Aventura en el Camino Portugu\u00e9s Comienza Aqu\u00ed<\/a><\/li><li class=\"\"><a href=\"#por-que-elegir-el-alquiler-de-ebikes-desde-oporto-con-tournride\">\u00bfPor qu\u00e9 elegir el alquiler de ebikes desde Oporto con Tournride?<\/a><\/li><li class=\"\"><a href=\"#oporto-el-punto-de-partida-perfecto\">Oporto: El Punto de Partida Perfecto<\/a><\/li><li class=\"\"><a href=\"#el-rio-duero-el-corazon-de-oporto\">El R\u00edo Duero: El Coraz\u00f3n de Oporto<\/a><\/li><li class=\"\"><a href=\"#torre-de-los-clerigos-un-mirador-con-historia\">Torre de los Cl\u00e9rigos: Un Mirador con Historia<\/a><\/li><li class=\"\"><a href=\"#libreria-lello-un-rincon-de-fantasia\">Librer\u00eda Lello: Un Rinc\u00f3n de Fantas\u00eda<\/a><\/li><li class=\"\"><a href=\"#casa-de-la-musica-un-icono-moderno\">Casa de la M\u00fasica: Un Icono Moderno<\/a><\/li><li class=\"\"><a href=\"#listo-para-vivir-el-camino-portugues-en-ebike\">\u00bfListo para Vivir el Camino Portugu\u00e9s en Ebike?<\/a><\/li><li class=\"\"><a href=\"#informacion-de-interes\">Informaci\u00f3n de inter\u00e9s:<\/a><\/li><\/ul><\/li><\/ul><\/nav><\/div>\n\n\n\n<h2 class=\"wp-block-heading\" id=\"descubre-el-camino-portugues-en-bicicleta\">Descubre el Camino Portugu\u00e9s en Bicicleta<\/h2>\n\n\n\n<h3 class=\"wp-block-heading\" id=\"tournride-y-los-biciperegrinos-tu-aventura-en-el-camino-portugues-comienza-aqui\"><strong>Tournride y los Biciperegrinos: Tu Aventura en el Camino Portugu\u00e9s Comienza Aqu\u00ed<\/strong><\/h3>\n\n\n\n<p>\u00bfSue\u00f1as con vivir una experiencia \u00fanica recorriendo el Camino de Santiago en bicicleta? En Tournride te lo ponemos f\u00e1cil. Ofrecemos <strong>alquiler de ebikes desde Oporto<\/strong> para que tu peregrinaci\u00f3n sea c\u00f3moda, emocionante y llena de recuerdos inolvidables.<\/p>\n\n\n\n<p>Nuestras bicicletas el\u00e9ctricas (ebikes) son la opci\u00f3n perfecta para disfrutar del Camino Portugu\u00e9s sin preocuparte por las largas distancias o las subidas m\u00e1s exigentes. Con una ebike, podr\u00e1s centrarte en lo que realmente importa: vivir la magia del Camino.<\/p>\n\n\n\n<h3 class=\"wp-block-heading\" id=\"por-que-elegir-el-alquiler-de-ebikes-desde-oporto-con-tournride\">\u00bfPor qu\u00e9 elegir el <strong>alquiler de ebikes desde Oporto<\/strong> con Tournride?<\/h3>\n\n\n\n<ol start=\"1\" class=\"wp-block-list\">\n<li><strong>Comodidad total<\/strong>: No solo te ofrecemos las mejores ebikes, sino que tambi\u00e9n nos encargamos de todo lo dem\u00e1s. \u00bfLlegas con exceso de equipaje? Recogemos tu maleta en tu alojamiento, la llevamos a Santiago de Compostela y la guardamos en Tournride hasta que finalices tu viaje. Somos el servicio de alquiler de ebikes desde Oporto mejor valorado<\/li>\n\n\n\n<li><strong>Accesorios imprescindibles<\/strong>: Desde cascos y alforjas hasta una <strong>p\u00f3liza de seguro a todo riesgo<\/strong> que incluye asistencia en carretera por pinchazos o aver\u00edas. \u00a1Nos ocupamos de que no te falte de nada!<\/li>\n\n\n\n<li><strong>Flexibilidad y calidad<\/strong>: Nuestras ebikes est\u00e1n dise\u00f1adas para adaptarse a todo tipo de terrenos, desde los adoquines de Oporto hasta los senderos m\u00e1s aventureros.<\/li>\n<\/ol>\n\n\n\n<h3 class=\"wp-block-heading\" id=\"oporto-el-punto-de-partida-perfecto\">Oporto: El Punto de Partida Perfecto<\/h3>\n\n\n\n<p>Antes de comenzar tu Camino Portugu\u00e9s, t\u00f3mate un tiempo para explorar Oporto, una ciudad llena de encanto y cultura. Aqu\u00ed tienes algunas recomendaciones para disfrutar al m\u00e1ximo de tu estancia:<\/p>\n\n\n\n<h3 class=\"wp-block-heading\" id=\"el-rio-duero-el-corazon-de-oporto\"><strong>El R\u00edo Duero: El Coraz\u00f3n de Oporto<\/strong><\/h3>\n\n\n\n<p>No hay mejor manera de comenzar tu aventura por el Camino Portugu\u00e9s que disfrutando de una cena inolvidable a orillas del R\u00edo Duero. Este r\u00edo, que da vida a la ciudad de Oporto, es el escenario perfecto para relajarte y cargar energ\u00edas antes de empezar tu peregrinaci\u00f3n.<\/p>\n\n\n\n<figure class=\"wp-block-image alignright is-resized\"><a href=\"https:\/\/www.tournride.com\/wp-content\/uploads\/2015\/04\/o-porto.jpg\"><img loading=\"lazy\" decoding=\"async\" width=\"1000\" height=\"592\" src=\"https:\/\/www.tournride.com\/wp-content\/uploads\/2015\/04\/o-porto.jpg\" alt=\"Alquiler de ebikes desde Oporto\" class=\"wp-image-498\" style=\"width:486px;height:auto\" title=\"\" srcset=\"https:\/\/www.tournride.com\/wp-content\/uploads\/2015\/04\/o-porto.jpg 1000w, https:\/\/www.tournride.com\/wp-content\/uploads\/2015\/04\/o-porto-300x178.jpg 300w, https:\/\/www.tournride.com\/wp-content\/uploads\/2015\/04\/o-porto-600x355.jpg 600w\" sizes=\"auto, (max-width: 1000px) 100vw, 1000px\" \/><\/a><\/figure>\n\n\n\n<p>Imagina sentarte en uno de los restaurantes t\u00edpicos de la ribera, con las luces de la ciudad reflej\u00e1ndose en el agua, mientras degustas platos emblem\u00e1ticos como la <strong>\u00abfrancesinha\u00bb<\/strong>, un manjar portugu\u00e9s repleto de sabores intensos, o el <strong>bacalao<\/strong>, preparado de mil formas distintas pero siempre delicioso. Y, por supuesto, no puede faltar un buen vaso de <strong>vino Oporto<\/strong>, el orgullo de la regi\u00f3n, para brindar por el viaje que est\u00e1 por comenzar.<\/p>\n\n\n\n<p>Despu\u00e9s de la cena, date un paseo tranquilo junto al r\u00edo. El ambiente es m\u00e1gico, especialmente al atardecer, cuando el cielo se ti\u00f1e de tonos naranjas y rosados. Este momento de calma y belleza ser\u00e1 el preludio perfecto para la aventura que te espera en el Camino de Santiago.<\/p>\n\n\n\n<h3 class=\"wp-block-heading\" id=\"torre-de-los-clerigos-un-mirador-con-historia\"><strong>Torre de los Cl\u00e9rigos: Un Mirador con Historia<\/strong><\/h3>\n\n\n\n<figure class=\"wp-block-image alignleft\"><a href=\"https:\/\/www.tournride.com\/wp-content\/uploads\/2015\/04\/torre.jpg\"><img loading=\"lazy\" decoding=\"async\" width=\"397\" height=\"592\" src=\"https:\/\/www.tournride.com\/wp-content\/uploads\/2015\/04\/torre.jpg\" alt=\"torre\" class=\"wp-image-499\" title=\"\" srcset=\"https:\/\/www.tournride.com\/wp-content\/uploads\/2015\/04\/torre.jpg 397w, https:\/\/www.tournride.com\/wp-content\/uploads\/2015\/04\/torre-201x300.jpg 201w\" sizes=\"auto, (max-width: 397px) 100vw, 397px\" \/><\/a><\/figure>\n\n\n\n<p>Si hay un lugar en Oporto que no te puedes perder, es la Torre de los Cl\u00e9rigos. Esta imponente torre barroca, construida en el siglo XVIII, se alza majestuosamente 75 metros sobre la ciudad, convirti\u00e9ndose en el punto m\u00e1s alto de Oporto y ofreciendo unas vistas panor\u00e1micas que te dejar\u00e1n sin aliento. Dise\u00f1ada por el arquitecto italiano Nicolau Nasoni, la torre es un s\u00edmbolo emblem\u00e1tico de la ciudad y un testimonio de su rica herencia cultural.<\/p>\n\n\n\n<p>Pero llegar a la cima no es tarea f\u00e1cil: tendr\u00e1s que subir m\u00e1s de 240 pelda\u00f1os en una escalera de caracol que parece interminable. Cada paso que das te acerca m\u00e1s a una vista inigualable de la ciudad, con sus tejados rojizos, el r\u00edo Duero serpenteando en la distancia y el oc\u00e9ano Atl\u00e1ntico al fondo. La subida puede ser agotadora, pero el esfuerzo vale la pena. A medida que asciendes, puedes sentir la historia que impregna cada rinc\u00f3n de la torre, y al llegar a la cima, la recompensa es una panor\u00e1mica espectacular que te permitir\u00e1 apreciar la belleza y la magnitud de Oporto desde una perspectiva \u00fanica.<\/p>\n\n\n\n<p>Adem\u00e1s, subir esta torre puede ser una excelente manera de \u00abcalentar motores\u00bb antes de empezar tu Camino en bicicleta. \u00a1Podr\u00edamos decir que es tu primera \u00abpedalada\u00bb simb\u00f3lica! La Torre de los Cl\u00e9rigos no solo es un mirador excepcional, sino tambi\u00e9n un punto de partida ideal para aquellos que buscan aventuras y desaf\u00edos. Desde lo alto, puedes planificar tu ruta, inspirarte con la vista y prepararte para las emocionantes experiencias que te esperan en tu viaje en bicicleta por los alrededores de Oporto.<\/p>\n\n\n\n<div style=\"height:7px\" aria-hidden=\"true\" class=\"wp-block-spacer\"><\/div>\n\n\n\n<h3 class=\"wp-block-heading\" id=\"libreria-lello-un-rincon-de-fantasia\"><strong>Librer\u00eda Lello: Un Rinc\u00f3n de Fantas\u00eda<\/strong><\/h3>\n\n\n\n<figure class=\"wp-block-image alignright is-resized\"><a href=\"https:\/\/www.tournride.com\/wp-content\/uploads\/2015\/04\/lello.gif\"><img loading=\"lazy\" decoding=\"async\" width=\"448\" height=\"592\" src=\"https:\/\/www.tournride.com\/wp-content\/uploads\/2015\/04\/lello.gif\" alt=\"lello\" class=\"wp-image-496\" style=\"width:378px;height:auto\" title=\"\"><\/a><\/figure>\n\n\n\n<p>A pocos pasos de la Torre de los Cl\u00e9rigos, encontrar\u00e1s uno de los lugares m\u00e1s m\u00e1gicos de Oporto: la Librer\u00eda Lello. Considerada una de las librer\u00edas m\u00e1s bellas de Europa, este espacio te transportar\u00e1 a un mundo de fantas\u00eda desde el momento en que cruces su puerta. La Librer\u00eda Lello no es solo un lugar para los amantes de los libros, sino tambi\u00e9n un santuario para aquellos que buscan inspiraci\u00f3n y belleza en cada rinc\u00f3n.<\/p>\n\n\n\n<p>El edificio, de estilo neog\u00f3tico, fue construido en 1906 y es famoso por su impresionante arquitectura. Al entrar, te recibir\u00e1 una escalera de madera tallada que parece sacada de un cuento de hadas. Las estanter\u00edas, que llegan hasta el techo, est\u00e1n repletas de libros que invitan a la exploraci\u00f3n y al descubrimiento. Pero lo que realmente hace que este lugar sea \u00fanico es la claraboya de vidrieras que inunda el espacio de luz natural, creando un ambiente et\u00e9reo y casi m\u00e1gico.<\/p>\n\n\n\n<p>Adem\u00e1s, la Librer\u00eda Lello es mundialmente conocida por haber inspirado escenas de la saga \u00abHarry Potter\u00bb. La autora, J.K. Rowling, vivi\u00f3 en Oporto durante un tiempo y se dice que este lugar la inspir\u00f3 para crear la famosa escalera m\u00f3vil de Hogwarts. Caminar por la librer\u00eda es como adentrarse en un mundo de fantas\u00eda, donde cada detalle parece contar una historia propia.<\/p>\n\n\n\n<p>La Librer\u00eda Lello no solo es un lugar perfecto para hacer fotos incre\u00edbles, sino tambi\u00e9n para encontrar un buen libro que te acompa\u00f1e durante los momentos de descanso en tu Camino. \u00bfQu\u00e9 mejor compa\u00f1\u00eda que una buena historia mientras disfrutas de las noches tranquilas en los albergues? Aqu\u00ed podr\u00e1s encontrar una amplia variedad de libros en diferentes idiomas, desde cl\u00e1sicos de la literatura hasta las \u00faltimas novedades. Adem\u00e1s, la librer\u00eda ofrece una selecci\u00f3n cuidadosamente curada de libros sobre Oporto y Portugal, perfectos para aquellos que quieren profundizar en la historia y la cultura local.<\/p>\n\n\n\n<p>Visitar la Librer\u00eda Lello es una experiencia que no te puedes perder si est\u00e1s en Oporto. Es un lugar donde la magia y la realidad se encuentran, y donde cada libro en sus estanter\u00edas promete una aventura \u00fanica. As\u00ed que, ya sea que busques inspiraci\u00f3n, una buena lectura o simplemente un lugar para maravillarte, la Librer\u00eda Lello es el destino perfecto.<\/p>\n\n\n\n<h3 class=\"wp-block-heading\" id=\"casa-de-la-musica-un-icono-moderno\"><strong>Casa de la M\u00fasica: Un Icono Moderno<\/strong><\/h3>\n\n\n\n<figure class=\"wp-block-image alignleft is-resized\"><a href=\"https:\/\/www.tournride.com\/wp-content\/uploads\/2015\/04\/casa-da-musica.jpg\"><img loading=\"lazy\" decoding=\"async\" width=\"999\" height=\"592\" src=\"https:\/\/www.tournride.com\/wp-content\/uploads\/2015\/04\/casa-da-musica.jpg\" alt=\"casa-da-musica\" class=\"wp-image-497\" style=\"width:458px;height:auto\" title=\"\" srcset=\"https:\/\/www.tournride.com\/wp-content\/uploads\/2015\/04\/casa-da-musica.jpg 999w, https:\/\/www.tournride.com\/wp-content\/uploads\/2015\/04\/casa-da-musica-300x178.jpg 300w, https:\/\/www.tournride.com\/wp-content\/uploads\/2015\/04\/casa-da-musica-600x356.jpg 600w\" sizes=\"auto, (max-width: 999px) 100vw, 999px\" \/><\/a><\/figure>\n\n\n\n<p>Para los amantes de la cultura y la arquitectura, la <strong>Casa de la M\u00fasica<\/strong> es una parada obligatoria en Oporto. Este edificio vanguardista, inaugurado en 2005, es una obra maestra del arquitecto Rem Koolhaas y se ha convertido en uno de los s\u00edmbolos m\u00e1s modernos de la ciudad.<\/p>\n\n\n\n<p>Ubicada en el barrio de Boavista, la Casa de la M\u00fasica destaca por su dise\u00f1o audaz y su impresionante ac\u00fastica. Est\u00e1 rodeada de parques y zonas verdes, lo que la convierte en un lugar perfecto para pasear y relajarse antes de comenzar tu viaje.<\/p>\n\n\n\n<p>Adem\u00e1s de su arquitectura, la Casa de la M\u00fasica es un centro cultural vibrante. Ofrece una amplia variedad de eventos, desde conciertos de m\u00fasica cl\u00e1sica hasta exposiciones de arte contempor\u00e1neo. Si tienes la oportunidad, consulta su programaci\u00f3n y disfruta de una experiencia cultural \u00fanica antes de pedalear hacia Santiago.<\/p>\n\n\n\n<h3 class=\"wp-block-heading\" id=\"listo-para-vivir-el-camino-portugues-en-ebike\">\u00bfListo para Vivir el Camino Portugu\u00e9s en Ebike?<\/h3>\n\n\n\n<p>En Tournride no solo te ofrecemos un servicio de <strong>alquiler de ebikes desde Oporto<\/strong>, sino una experiencia completa dise\u00f1ada para que tu peregrinaci\u00f3n sea inolvidable. \u00bfQu\u00e9 est\u00e1s esperando? <a aria-label=\"M\u00e1s informaci\u00f3n sobre:  Como Reservar Bicicletas na Tournride\" href=\"https:\/\/www.tournride.com\/es\/como-reservar-bicicletas\/\" data-type=\"page\" data-id=\"29080\">Reserva ya<\/a> tu ebike y comienza la aventura de tu vida.<\/p>\n\n\n\n<p>\u00bfDeseas saber m\u00e1s?<\/p>\n\n\n\n<ul class=\"wp-block-list\">\n<li><a aria-label=\"M\u00e1s informaci\u00f3n sobre:  Bicicletas\" href=\"https:\/\/www.tournride.com\/es\/alquiler-de-bicicletas-camino-de-santiago\/\" data-type=\"page\" data-id=\"2912\">Nuestras bicicletas y ebikes para el camino portugu\u00e9s en bici<\/a><\/li>\n\n\n\n<li><a aria-label=\"M\u00e1s informaci\u00f3n sobre:  Accesorios\" href=\"https:\/\/www.tournride.com\/es\/accesorios-camino-en-bici\/\" data-type=\"page\" data-id=\"2915\">Nuestros accesorios<\/a><\/li>\n\n\n\n<li><a aria-label=\"M\u00e1s informaci\u00f3n sobre:  Tournride Full Assistance\" href=\"https:\/\/www.tournride.com\/es\/gestion\/tournride-full-assistance\/\" data-type=\"page\" data-id=\"3488\">Tournride Full Assistance<\/a><\/li>\n\n\n\n<li><a aria-label=\"M\u00e1s informaci\u00f3n sobre:  Preguntas Frecuentes Sobre El Servicio De Alquiler\" href=\"https:\/\/www.tournride.com\/es\/gestion\/preguntas-frecuentes-sobre-el-servicio-de-alquiler\/\" data-type=\"page\" data-id=\"2882\">Preguntas Frecuentes<\/a><\/li>\n\n\n\n<li><a aria-label=\"M\u00e1s informaci\u00f3n sobre:  Reservar Una Bicicleta Para El Camino\" href=\"https:\/\/www.tournride.com\/es\/informacion\/reservar-una-bicicleta-para-el-camino\/\" data-type=\"page\" data-id=\"28827\">\u00bfCu\u00e1ndo reservar?<\/a><\/li>\n\n\n\n<li><a aria-label=\"M\u00e1s informaci\u00f3n sobre:  Como Reservar Bicicletas na Tournride\" href=\"https:\/\/www.tournride.com\/es\/como-reservar-bicicletas\/\" data-type=\"page\" data-id=\"29080\">\u00bfC\u00f3mo reservar?<\/a><\/li>\n<\/ul>\n\n\n\n<h3 class=\"wp-block-heading\" id=\"informacion-de-interes\">Informaci\u00f3n de inter\u00e9s:<\/h3>\n\n\n\n<ul class=\"wp-block-list\">\n<li><a aria-label=\"Visitar el sitio web de Ana.pt para m\u00e1s informaci\u00f3n\" title=\"Airport\" href=\"http:\/\/www.ana.pt\/es-ES\/Aeroportos\/porto\/Porto\/Paginas\/HomePorto.aspx\" target=\"_blank\" rel=\"noopener noreferrer\">Aeropuerto<\/a><\/li>\n\n\n\n<li><a aria-label=\"Visitar el sitio web de Autna para m\u00e1s informaci\u00f3n\" title=\"Bus Station\" href=\"http:\/\/www.autna.com\/\" target=\"_blank\" rel=\"noopener noreferrer\">Estaci\u00f3n de Autobuses<\/a><\/li>\n\n\n\n<li><a aria-label=\"Visitar el sitio web de Cp.pt para m\u00e1s informaci\u00f3n\" title=\"Train Station\" href=\"http:\/\/www.cp.pt\/passageiros\/pt\" target=\"_blank\" rel=\"noopener noreferrer\">Estaci\u00f3n de Trenes<\/a><\/li>\n\n\n\n<li><a aria-label=\"Visitar el sitio web de Visitportugal para m\u00e1s informaci\u00f3n\" title=\"Tourism Office\" href=\"https:\/\/www.visitportugal.com\/es\/\" target=\"_blank\" rel=\"noopener noreferrer\">Oficina de Turismo<\/a><\/li>\n<\/ul>\n","protected":false},"excerpt":{"rendered":"<p>Descubre el Camino Portugu\u00e9s en Bicicleta Tournride y los Biciperegrinos: Tu Aventura en el Camino Portugu\u00e9s Comienza Aqu\u00ed \u00bfSue\u00f1as con vivir una experiencia \u00fanica recorriendo el Camino de Santiago en bicicleta? En Tournride te lo ponemos f\u00e1cil. Ofrecemos alquiler de ebikes desde Oporto para que tu peregrinaci\u00f3n sea c\u00f3moda, emocionante y llena de recuerdos inolvidables. [&hellip;]<\/p>\n","protected":false},"author":10,"featured_media":0,"comment_status":"closed","ping_status":"closed","sticky":false,"template":"","format":"standard","meta":{"rank_math_title":"Alquiler de ebikes desde Oporto","rank_math_description":"Disfruta de tu aventura con nuestro alquiler de ebikes desde Oporto y otros destinos. Reserva ahora!","rank_math_focus_keyword":"alquiler de ebikes desde Oporto,librer\u00eda lello,torre de los cl\u00e9rigos,R\u00edo Duero","rank_math_canonical_url":"","rank_math_facebook_title":"","rank_math_facebook_description":"","rank_math_facebook_image":"","rank_math_twitter_title":"","rank_math_twitter_description":"","rank_math_twitter_image":"","rank_math_twitter_card_type":"","rank_math_twitter_use_facebook":"","rank_math_robots":["index"],"rank_math_advanced_robots":[],"_joinchat":[],"footnotes":""},"categories":[],"tags":[],"class_list":["post-2997","post","type-post","status-publish","format-standard","hentry"],"_links":{"self":[{"href":"https:\/\/www.tournride.com\/es\/wp-json\/wp\/v2\/posts\/2997","targetHints":{"allow":["GET"]}}],"collection":[{"href":"https:\/\/www.tournride.com\/es\/wp-json\/wp\/v2\/posts"}],"about":[{"href":"https:\/\/www.tournride.com\/es\/wp-json\/wp\/v2\/types\/post"}],"author":[{"embeddable":true,"href":"https:\/\/www.tournride.com\/es\/wp-json\/wp\/v2\/users\/10"}],"replies":[{"embeddable":true,"href":"https:\/\/www.tournride.com\/es\/wp-json\/wp\/v2\/comments?post=2997"}],"version-history":[{"count":3,"href":"https:\/\/www.tournride.com\/es\/wp-json\/wp\/v2\/posts\/2997\/revisions"}],"predecessor-version":[{"id":29164,"href":"https:\/\/www.tournride.com\/es\/wp-json\/wp\/v2\/posts\/2997\/revisions\/29164"}],"wp:attachment":[{"href":"https:\/\/www.tournride.com\/es\/wp-json\/wp\/v2\/media?parent=2997"}],"wp:term":[{"taxonomy":"category","embeddable":true,"href":"https:\/\/www.tournride.com\/es\/wp-json\/wp\/v2\/categories?post=2997"},{"taxonomy":"post_tag","embeddable":true,"href":"https:\/\/www.tournride.com\/es\/wp-json\/wp\/v2\/tags?post=2997"}],"curies":[{"name":"wp","href":"https:\/\/api.w.org\/{rel}","templated":true}]}}